{"id":602,"date":"2017-03-09T11:28:19","date_gmt":"2017-03-09T10:28:19","guid":{"rendered":"http:\/\/anoverdetajo.es\/seguridadciudadana\/?p=602"},"modified":"2017-03-09T11:34:59","modified_gmt":"2017-03-09T10:34:59","slug":"cachorros-salvados","status":"publish","type":"post","link":"http:\/\/anoverdetajo.es\/seguridadciudadana\/cachorros-salvados\/","title":{"rendered":"Cachorros salvados"},"content":{"rendered":"<p>Gracias al aviso de un vecino, el pasado martes\u00a0sobre las 11:25 horas se pudo rescatar del interior de un contenedor a tres cachorros con pocos d\u00edas de vida.<!--more--><\/p>\n<p>El vecino dio parte a Polic\u00eda Local al escuchar los ruidos que proven\u00edan del interior de un saco que hab\u00eda en el contenedor.<\/p>\n<div>Gracias a la implicaci\u00f3n de varias personas en pocas horas estos cachorros <strong>ya tienen nuevo hogar<\/strong> y unos due\u00f1os dignos.<\/div>\n<div><\/div>\n<div>Polic\u00eda Local <strong>ha abierto una investigaci\u00f3n<\/strong> sobre este hecho al constituir un <strong>delito relativo a la protecci\u00f3n de la flora , fauna y animales dom\u00e9sticos<\/strong>.<\/div>\n<div><\/div>\n<div><a href=\"http:\/\/anoverdetajo.es\/seguridadciudadana\/wp-content\/uploads\/2017\/03\/IMG_20170307_112929.jpg\" rel=\"attachment wp-att-605\"><img loading=\"lazy\" class=\"alignnone size-large wp-image-605\" src=\"http:\/\/anoverdetajo.es\/seguridadciudadana\/wp-content\/uploads\/2017\/03\/IMG_20170307_112929-1024x575.jpg\" alt=\"Cachorros rescatados\" width=\"1024\" height=\"575\" srcset=\"http:\/\/anoverdetajo.es\/seguridadciudadana\/wp-content\/uploads\/2017\/03\/IMG_20170307_112929-1024x575.jpg 1024w, http:\/\/anoverdetajo.es\/seguridadciudadana\/wp-content\/uploads\/2017\/03\/IMG_20170307_112929-300x168.jpg 300w, http:\/\/anoverdetajo.es\/seguridadciudadana\/wp-content\/uploads\/2017\/03\/IMG_20170307_112929-768x431.jpg 768w\" sizes=\"(max-width: 1024px) 100vw, 1024px\" \/><\/a><\/div>\n<div><a href=\"http:\/\/anoverdetajo.es\/seguridadciudadana\/wp-content\/uploads\/2017\/03\/IMG_20170307_112615.jpg\" rel=\"attachment wp-att-603\"><img loading=\"lazy\" class=\"alignnone size-large wp-image-603\" src=\"http:\/\/anoverdetajo.es\/seguridadciudadana\/wp-content\/uploads\/2017\/03\/IMG_20170307_112615-1024x575.jpg\" alt=\"Cachorros rescatados\" width=\"1024\" height=\"575\" srcset=\"http:\/\/anoverdetajo.es\/seguridadciudadana\/wp-content\/uploads\/2017\/03\/IMG_20170307_112615-1024x575.jpg 1024w, http:\/\/anoverdetajo.es\/seguridadciudadana\/wp-content\/uploads\/2017\/03\/IMG_20170307_112615-300x168.jpg 300w, http:\/\/anoverdetajo.es\/seguridadciudadana\/wp-content\/uploads\/2017\/03\/IMG_20170307_112615-768x431.jpg 768w\" sizes=\"(max-width: 1024px) 100vw, 1024px\" \/><\/a><\/div>\n<div><a href=\"http:\/\/anoverdetajo.es\/seguridadciudadana\/wp-content\/uploads\/2017\/03\/IMG_20170307_113651.jpg\" rel=\"attachment wp-att-604\"><img loading=\"lazy\" class=\"alignnone size-large wp-image-604\" src=\"http:\/\/anoverdetajo.es\/seguridadciudadana\/wp-content\/uploads\/2017\/03\/IMG_20170307_113651-1024x575.jpg\" alt=\"Cachorros rescatados\" width=\"1024\" height=\"575\" srcset=\"http:\/\/anoverdetajo.es\/seguridadciudadana\/wp-content\/uploads\/2017\/03\/IMG_20170307_113651-1024x575.jpg 1024w, http:\/\/anoverdetajo.es\/seguridadciudadana\/wp-content\/uploads\/2017\/03\/IMG_20170307_113651-300x168.jpg 300w, http:\/\/anoverdetajo.es\/seguridadciudadana\/wp-content\/uploads\/2017\/03\/IMG_20170307_113651-768x431.jpg 768w\" sizes=\"(max-width: 1024px) 100vw, 1024px\" \/><\/a><a href=\"http:\/\/anoverdetajo.es\/seguridadciudadana\/wp-content\/uploads\/2017\/03\/IMG_20170307_112615.jpg\" rel=\"attachment wp-att-603\"><br \/>\n<\/a><\/div>\n<div><\/div>\n<div><\/div>\n<div><\/div>\n","protected":false},"excerpt":{"rendered":"<p>Gracias al aviso de un vecino, el pasado martes\u00a0sobre las 11:25 horas se pudo rescatar del interior de un contenedor a tres cachorros con pocos d\u00edas de vida.<\/p>\n","protected":false},"author":2,"featured_media":0,"comment_status":"closed","ping_status":"closed","sticky":false,"template":"","format":"standard","meta":[],"categories":[11],"tags":[41],"jetpack_featured_media_url":"","_links":{"self":[{"href":"http:\/\/anoverdetajo.es\/seguridadciudadana\/wp-json\/wp\/v2\/posts\/602"}],"collection":[{"href":"http:\/\/anoverdetajo.es\/seguridadciudadana\/wp-json\/wp\/v2\/posts"}],"about":[{"href":"http:\/\/anoverdetajo.es\/seguridadciudadana\/wp-json\/wp\/v2\/types\/post"}],"author":[{"embeddable":true,"href":"http:\/\/anoverdetajo.es\/seguridadciudadana\/wp-json\/wp\/v2\/users\/2"}],"replies":[{"embeddable":true,"href":"http:\/\/anoverdetajo.es\/seguridadciudadana\/wp-json\/wp\/v2\/comments?post=602"}],"version-history":[{"count":2,"href":"http:\/\/anoverdetajo.es\/seguridadciudadana\/wp-json\/wp\/v2\/posts\/602\/revisions"}],"predecessor-version":[{"id":607,"href":"http:\/\/anoverdetajo.es\/seguridadciudadana\/wp-json\/wp\/v2\/posts\/602\/revisions\/607"}],"wp:attachment":[{"href":"http:\/\/anoverdetajo.es\/seguridadciudadana\/wp-json\/wp\/v2\/media?parent=602"}],"wp:term":[{"taxonomy":"category","embeddable":true,"href":"http:\/\/anoverdetajo.es\/seguridadciudadana\/wp-json\/wp\/v2\/categories?post=602"},{"taxonomy":"post_tag","embeddable":true,"href":"http:\/\/anoverdetajo.es\/seguridadciudadana\/wp-json\/wp\/v2\/tags?post=602"}],"curies":[{"name":"wp","href":"https:\/\/api.w.org\/{rel}","templated":true}]}}