{"id":444,"date":"2016-05-13T06:48:54","date_gmt":"2016-05-13T05:48:54","guid":{"rendered":"http:\/\/anoverdetajo.es\/seguridadciudadana\/?p=444"},"modified":"2016-05-27T16:06:13","modified_gmt":"2016-05-27T15:06:13","slug":"talleres-infantiles","status":"publish","type":"post","link":"http:\/\/anoverdetajo.es\/seguridadciudadana\/talleres-infantiles\/","title":{"rendered":"Talleres infantiles"},"content":{"rendered":"<p style=\"text-align: justify;\">Durante la Semana Cultura los agentes de la Polic\u00eda Local de A\u00f1over realizaron unos talleres en el Colegio Conde de Mayalde donde se les dio a los alumnos una peque\u00f1a charla sobre las funciones de las Polic\u00edas Locales y se les explic\u00f3 los medios que se utilizan para el trabajo diario de un Polic\u00eda y comprobaron de primera mano su funcionamiento.<!--more--><\/p>\n<p style=\"text-align: justify;\">Entre otros elementos observaron de cerca el coche patrulla, el equipo de transmisiones, el etil\u00f3metro (un alcohol\u00edmetro de\u00a0mayor precisi\u00f3n) y el son\u00f3metro (instrumento que mide el nivel de ruido), entre otros.<\/p>\n<p style=\"text-align: justify;\"><a href=\"http:\/\/anoverdetajo.es\/seguridadciudadana\/wp-content\/uploads\/2016\/05\/IMG_20160419_1112271.jpg\" rel=\"attachment wp-att-461\"><img loading=\"lazy\" class=\"size-medium wp-image-461 aligncenter\" src=\"http:\/\/anoverdetajo.es\/seguridadciudadana\/wp-content\/uploads\/2016\/05\/IMG_20160419_1112271-300x168.jpg\" alt=\"Talleres de educaci\u00f3n vial\" width=\"300\" height=\"168\" srcset=\"http:\/\/anoverdetajo.es\/seguridadciudadana\/wp-content\/uploads\/2016\/05\/IMG_20160419_1112271-300x168.jpg 300w, http:\/\/anoverdetajo.es\/seguridadciudadana\/wp-content\/uploads\/2016\/05\/IMG_20160419_1112271-768x431.jpg 768w, http:\/\/anoverdetajo.es\/seguridadciudadana\/wp-content\/uploads\/2016\/05\/IMG_20160419_1112271-1024x575.jpg 1024w\" sizes=\"(max-width: 300px) 100vw, 300px\" \/><\/a><\/p>\n<p style=\"text-align: justify;\">Las\u00a0im\u00e1genes corresponden a los alumnos que han cerrado el ciclo de formaci\u00f3n en materia de educaci\u00f3n vial. Dichas pr\u00e1cticas son la consecuci\u00f3n de la formaci\u00f3n te\u00f3rica llevada a cabo durante el a\u00f1o. En este caso se efectuaron previamente unos talleres te\u00f3ricos a los diferentes cursos, adecuando el contenido a\u00a0la edad de los alumnos.<\/p>\n<div class=\"gmail_quote\" style=\"text-align: justify;\">Durante el mes de mayo se han llevado a cabo las pr\u00e1cticas para los alumnos de 5\u00ba y 6\u00ba \u00a0de primaria del Colegio Conde de Mayalde y clases te\u00f3ricas para los cursos de 1\u00ba y 2\u00ba de bachillerato del IES San Blas. Con esta metodolog\u00eda, la Polic\u00eda local trata \u00a0que la formaci\u00f3n en materia de seguridad vial sea continua y desde muy temprana edad, tanto para los alumnos que asisten al \u00a0centro de educaci\u00f3n de primaria, como para los alumnos del centro de secundaria.<\/div>\n<div class=\"gmail_quote\" style=\"text-align: justify;\"><\/div>\n<div class=\"gmail_quote\" style=\"text-align: justify;\"><a href=\"http:\/\/anoverdetajo.es\/seguridadciudadana\/wp-content\/uploads\/2016\/05\/IMG-20160513-WA00171.jpg\" rel=\"attachment wp-att-462\"><img loading=\"lazy\" class=\"size-medium wp-image-462 aligncenter\" src=\"http:\/\/anoverdetajo.es\/seguridadciudadana\/wp-content\/uploads\/2016\/05\/IMG-20160513-WA00171-300x169.jpg\" alt=\"Talleres de educaci\u00f3n vial\" width=\"300\" height=\"169\" srcset=\"http:\/\/anoverdetajo.es\/seguridadciudadana\/wp-content\/uploads\/2016\/05\/IMG-20160513-WA00171-300x169.jpg 300w, http:\/\/anoverdetajo.es\/seguridadciudadana\/wp-content\/uploads\/2016\/05\/IMG-20160513-WA00171-768x432.jpg 768w, http:\/\/anoverdetajo.es\/seguridadciudadana\/wp-content\/uploads\/2016\/05\/IMG-20160513-WA00171-1024x576.jpg 1024w, http:\/\/anoverdetajo.es\/seguridadciudadana\/wp-content\/uploads\/2016\/05\/IMG-20160513-WA00171.jpg 1552w\" sizes=\"(max-width: 300px) 100vw, 300px\" \/><\/a><\/div>\n<div class=\"gmail_quote\" style=\"text-align: justify;\"><\/div>\n<div class=\"gmail_quote\" style=\"text-align: justify;\"><a href=\"http:\/\/anoverdetajo.es\/seguridadciudadana\/wp-content\/uploads\/2016\/05\/IMG_20160429_1315511.jpg\" rel=\"attachment wp-att-463\"><img loading=\"lazy\" class=\"size-medium wp-image-463 aligncenter\" src=\"http:\/\/anoverdetajo.es\/seguridadciudadana\/wp-content\/uploads\/2016\/05\/IMG_20160429_1315511-300x168.jpg\" alt=\"Talleres de educaci\u00f3n vial\" width=\"300\" height=\"168\" srcset=\"http:\/\/anoverdetajo.es\/seguridadciudadana\/wp-content\/uploads\/2016\/05\/IMG_20160429_1315511-300x168.jpg 300w, http:\/\/anoverdetajo.es\/seguridadciudadana\/wp-content\/uploads\/2016\/05\/IMG_20160429_1315511-768x431.jpg 768w, http:\/\/anoverdetajo.es\/seguridadciudadana\/wp-content\/uploads\/2016\/05\/IMG_20160429_1315511-1024x575.jpg 1024w\" sizes=\"(max-width: 300px) 100vw, 300px\" \/><\/a><\/div>\n","protected":false},"excerpt":{"rendered":"<p>Durante la Semana Cultura los agentes de la Polic\u00eda Local de A\u00f1over realizaron unos talleres en el Colegio Conde de Mayalde donde se les dio a los alumnos una peque\u00f1a charla sobre las funciones de las Polic\u00edas Locales y se les explic\u00f3 los medios que se utilizan para el trabajo diario de un Polic\u00eda y<\/p>\n","protected":false},"author":2,"featured_media":0,"comment_status":"closed","ping_status":"closed","sticky":false,"template":"","format":"standard","meta":[],"categories":[7,9],"tags":[],"jetpack_featured_media_url":"","_links":{"self":[{"href":"http:\/\/anoverdetajo.es\/seguridadciudadana\/wp-json\/wp\/v2\/posts\/444"}],"collection":[{"href":"http:\/\/anoverdetajo.es\/seguridadciudadana\/wp-json\/wp\/v2\/posts"}],"about":[{"href":"http:\/\/anoverdetajo.es\/seguridadciudadana\/wp-json\/wp\/v2\/types\/post"}],"author":[{"embeddable":true,"href":"http:\/\/anoverdetajo.es\/seguridadciudadana\/wp-json\/wp\/v2\/users\/2"}],"replies":[{"embeddable":true,"href":"http:\/\/anoverdetajo.es\/seguridadciudadana\/wp-json\/wp\/v2\/comments?post=444"}],"version-history":[{"count":4,"href":"http:\/\/anoverdetajo.es\/seguridadciudadana\/wp-json\/wp\/v2\/posts\/444\/revisions"}],"predecessor-version":[{"id":464,"href":"http:\/\/anoverdetajo.es\/seguridadciudadana\/wp-json\/wp\/v2\/posts\/444\/revisions\/464"}],"wp:attachment":[{"href":"http:\/\/anoverdetajo.es\/seguridadciudadana\/wp-json\/wp\/v2\/media?parent=444"}],"wp:term":[{"taxonomy":"category","embeddable":true,"href":"http:\/\/anoverdetajo.es\/seguridadciudadana\/wp-json\/wp\/v2\/categories?post=444"},{"taxonomy":"post_tag","embeddable":true,"href":"http:\/\/anoverdetajo.es\/seguridadciudadana\/wp-json\/wp\/v2\/tags?post=444"}],"curies":[{"name":"wp","href":"https:\/\/api.w.org\/{rel}","templated":true}]}}