{"id":427,"date":"2016-03-23T13:06:43","date_gmt":"2016-03-23T12:06:43","guid":{"rendered":"http:\/\/anoverdetajo.es\/seguridadciudadana\/?p=427"},"modified":"2016-03-25T21:02:19","modified_gmt":"2016-03-25T20:02:19","slug":"prohibido-aparcar-por-el-paso-de-las-procesiones","status":"publish","type":"post","link":"http:\/\/anoverdetajo.es\/seguridadciudadana\/prohibido-aparcar-por-el-paso-de-las-procesiones\/","title":{"rendered":"Prohibido aparcar por el paso de las procesiones"},"content":{"rendered":"<p style=\"text-align: justify;\">Este jueves, viernes y s\u00e1bado Santo estar\u00e1 prohibido aparcar a partir de las 19 horas en las calles: <strong>Padilla, Daoiz y Velarde, Juan Pablo II y Plaza Espa\u00f1a<\/strong> comprendidas en el recorrido de las procesiones.\u00a0<!--more--><\/p>\n<p style=\"text-align: justify;\">Tanto la Procesi\u00f3n de la Pasi\u00f3n del d\u00eda jueves 24 de marzo y la Procesi\u00f3n del Santo Entierro del d\u00eda viernes 25 de marzo <strong>comienzan a las 21:30 horas.<\/strong><\/p>\n<p style=\"text-align: justify;\"><strong>El horario de prohibido el estacionamiento en dichas\u00a0v\u00edas\u00a0comenzar\u00e1 a las 19: 00\u00a0horas hasta la finalizaci\u00f3n de las procesiones.<\/strong><\/p>\n<p style=\"text-align: justify;\">El <strong>s\u00e1bado<\/strong>, la Procesi\u00f3n del Encuentro comenzar\u00e1 a partir de las 23 horas. Ese d\u00eda, estar\u00e1\u00a0<strong>prohibido el estacionamiento en las\u00a0v\u00edas comprendidas en el recorrido\u00a0a partir de las 21: 00\u00a0horas hasta la finalizaci\u00f3n de la procesi\u00f3n.<\/strong><\/p>\n<p style=\"text-align: justify;\"><a href=\"http:\/\/anoverdetajo.es\/seguridadciudadana\/wp-content\/uploads\/2016\/03\/mapa-procesiones.jpg\" rel=\"attachment wp-att-428\"><img loading=\"lazy\" class=\"size-medium wp-image-428 aligncenter\" src=\"http:\/\/anoverdetajo.es\/seguridadciudadana\/wp-content\/uploads\/2016\/03\/mapa-procesiones-300x216.jpg\" alt=\"mapa procesiones\" width=\"300\" height=\"216\" srcset=\"http:\/\/anoverdetajo.es\/seguridadciudadana\/wp-content\/uploads\/2016\/03\/mapa-procesiones-300x216.jpg 300w, http:\/\/anoverdetajo.es\/seguridadciudadana\/wp-content\/uploads\/2016\/03\/mapa-procesiones.jpg 602w\" sizes=\"(max-width: 300px) 100vw, 300px\" \/><\/a><\/p>\n","protected":false},"excerpt":{"rendered":"<p>Este jueves, viernes y s\u00e1bado Santo estar\u00e1 prohibido aparcar a partir de las 19 horas en las calles: Padilla, Daoiz y Velarde, Juan Pablo II y Plaza Espa\u00f1a comprendidas en el recorrido de las procesiones.\u00a0<\/p>\n","protected":false},"author":2,"featured_media":0,"comment_status":"closed","ping_status":"closed","sticky":false,"template":"","format":"standard","meta":[],"categories":[7],"tags":[19,20],"jetpack_featured_media_url":"","_links":{"self":[{"href":"http:\/\/anoverdetajo.es\/seguridadciudadana\/wp-json\/wp\/v2\/posts\/427"}],"collection":[{"href":"http:\/\/anoverdetajo.es\/seguridadciudadana\/wp-json\/wp\/v2\/posts"}],"about":[{"href":"http:\/\/anoverdetajo.es\/seguridadciudadana\/wp-json\/wp\/v2\/types\/post"}],"author":[{"embeddable":true,"href":"http:\/\/anoverdetajo.es\/seguridadciudadana\/wp-json\/wp\/v2\/users\/2"}],"replies":[{"embeddable":true,"href":"http:\/\/anoverdetajo.es\/seguridadciudadana\/wp-json\/wp\/v2\/comments?post=427"}],"version-history":[{"count":7,"href":"http:\/\/anoverdetajo.es\/seguridadciudadana\/wp-json\/wp\/v2\/posts\/427\/revisions"}],"predecessor-version":[{"id":435,"href":"http:\/\/anoverdetajo.es\/seguridadciudadana\/wp-json\/wp\/v2\/posts\/427\/revisions\/435"}],"wp:attachment":[{"href":"http:\/\/anoverdetajo.es\/seguridadciudadana\/wp-json\/wp\/v2\/media?parent=427"}],"wp:term":[{"taxonomy":"category","embeddable":true,"href":"http:\/\/anoverdetajo.es\/seguridadciudadana\/wp-json\/wp\/v2\/categories?post=427"},{"taxonomy":"post_tag","embeddable":true,"href":"http:\/\/anoverdetajo.es\/seguridadciudadana\/wp-json\/wp\/v2\/tags?post=427"}],"curies":[{"name":"wp","href":"https:\/\/api.w.org\/{rel}","templated":true}]}}