{"id":412,"date":"2016-02-29T13:50:24","date_gmt":"2016-02-29T12:50:24","guid":{"rendered":"http:\/\/anoverdetajo.es\/seguridadciudadana\/?p=412"},"modified":"2016-02-29T13:50:24","modified_gmt":"2016-02-29T12:50:24","slug":"desactivada-la-alarma-por-nevadas","status":"publish","type":"post","link":"http:\/\/anoverdetajo.es\/seguridadciudadana\/desactivada-la-alarma-por-nevadas\/","title":{"rendered":"Desactivada la alarma por nevadas"},"content":{"rendered":"<p>Debido a\u00a0\u00a0la evoluci\u00f3n favorable de las incidencias ocurridas y valorada la situaci\u00f3n, se anuncia\u00a0la desactivaci\u00f3n del\u00a0Plan Espec\u00edfico de Protecci\u00f3n Civil ante el riesgo por Fen\u00f3menos Meteorol\u00f3gicos Adversos de Castilla-La Mancha (METEOCAM)\u00a0para toda\u00a0la regi\u00f3n a partir de\u00a0las 12:00 horas de hoy,\u00a0lunes 29 de febrero de 2016.<\/p>\n","protected":false},"excerpt":{"rendered":"<p>Debido a\u00a0\u00a0la evoluci\u00f3n favorable de las incidencias ocurridas y valorada la situaci\u00f3n, se anuncia\u00a0la desactivaci\u00f3n del\u00a0Plan Espec\u00edfico de Protecci\u00f3n Civil ante el riesgo por Fen\u00f3menos Meteorol\u00f3gicos Adversos de Castilla-La Mancha (METEOCAM)\u00a0para toda\u00a0la regi\u00f3n a partir de\u00a0las 12:00 horas de hoy,\u00a0lunes 29 de febrero de 2016.<\/p>\n","protected":false},"author":2,"featured_media":0,"comment_status":"closed","ping_status":"closed","sticky":false,"template":"","format":"standard","meta":[],"categories":[8],"tags":[],"jetpack_featured_media_url":"","_links":{"self":[{"href":"http:\/\/anoverdetajo.es\/seguridadciudadana\/wp-json\/wp\/v2\/posts\/412"}],"collection":[{"href":"http:\/\/anoverdetajo.es\/seguridadciudadana\/wp-json\/wp\/v2\/posts"}],"about":[{"href":"http:\/\/anoverdetajo.es\/seguridadciudadana\/wp-json\/wp\/v2\/types\/post"}],"author":[{"embeddable":true,"href":"http:\/\/anoverdetajo.es\/seguridadciudadana\/wp-json\/wp\/v2\/users\/2"}],"replies":[{"embeddable":true,"href":"http:\/\/anoverdetajo.es\/seguridadciudadana\/wp-json\/wp\/v2\/comments?post=412"}],"version-history":[{"count":1,"href":"http:\/\/anoverdetajo.es\/seguridadciudadana\/wp-json\/wp\/v2\/posts\/412\/revisions"}],"predecessor-version":[{"id":413,"href":"http:\/\/anoverdetajo.es\/seguridadciudadana\/wp-json\/wp\/v2\/posts\/412\/revisions\/413"}],"wp:attachment":[{"href":"http:\/\/anoverdetajo.es\/seguridadciudadana\/wp-json\/wp\/v2\/media?parent=412"}],"wp:term":[{"taxonomy":"category","embeddable":true,"href":"http:\/\/anoverdetajo.es\/seguridadciudadana\/wp-json\/wp\/v2\/categories?post=412"},{"taxonomy":"post_tag","embeddable":true,"href":"http:\/\/anoverdetajo.es\/seguridadciudadana\/wp-json\/wp\/v2\/tags?post=412"}],"curies":[{"name":"wp","href":"https:\/\/api.w.org\/{rel}","templated":true}]}}