{"id":408,"date":"2016-02-26T16:00:37","date_gmt":"2016-02-26T15:00:37","guid":{"rendered":"http:\/\/anoverdetajo.es\/seguridadciudadana\/?p=408"},"modified":"2016-02-26T18:11:03","modified_gmt":"2016-02-26T17:11:03","slug":"alerta-por-posibles-nevadas","status":"publish","type":"post","link":"http:\/\/anoverdetajo.es\/seguridadciudadana\/alerta-por-posibles-nevadas\/","title":{"rendered":"Alerta por posibles nevadas"},"content":{"rendered":"<p>Alerta desde las 14 horas del viernes 26 de febrero.<!--more--><\/p>\n<p>Como consecuencia de las previsiones desfavorables por riesgo de nevadas se ha activado el Plan Espec\u00edfico de Protecci\u00f3n Civil ante el riesgo por Fen\u00f3menos Meteorol\u00f3gicos Adversos de Castilla-La Mancha (METEOCAM), en Fase de ALERTA para toda la Comunidad Aut\u00f3noma.<br \/>\nRogamos la m\u00e1xima precauci\u00f3n\u00a0a la hora de salir con el autom\u00f3vil. Por cualquier inconveniente comun\u00edquese con el 112.<\/p>\n","protected":false},"excerpt":{"rendered":"<p>Alerta desde las 14 horas del viernes 26 de febrero.<\/p>\n","protected":false},"author":2,"featured_media":0,"comment_status":"closed","ping_status":"closed","sticky":false,"template":"","format":"standard","meta":[],"categories":[8],"tags":[],"jetpack_featured_media_url":"","_links":{"self":[{"href":"http:\/\/anoverdetajo.es\/seguridadciudadana\/wp-json\/wp\/v2\/posts\/408"}],"collection":[{"href":"http:\/\/anoverdetajo.es\/seguridadciudadana\/wp-json\/wp\/v2\/posts"}],"about":[{"href":"http:\/\/anoverdetajo.es\/seguridadciudadana\/wp-json\/wp\/v2\/types\/post"}],"author":[{"embeddable":true,"href":"http:\/\/anoverdetajo.es\/seguridadciudadana\/wp-json\/wp\/v2\/users\/2"}],"replies":[{"embeddable":true,"href":"http:\/\/anoverdetajo.es\/seguridadciudadana\/wp-json\/wp\/v2\/comments?post=408"}],"version-history":[{"count":3,"href":"http:\/\/anoverdetajo.es\/seguridadciudadana\/wp-json\/wp\/v2\/posts\/408\/revisions"}],"predecessor-version":[{"id":411,"href":"http:\/\/anoverdetajo.es\/seguridadciudadana\/wp-json\/wp\/v2\/posts\/408\/revisions\/411"}],"wp:attachment":[{"href":"http:\/\/anoverdetajo.es\/seguridadciudadana\/wp-json\/wp\/v2\/media?parent=408"}],"wp:term":[{"taxonomy":"category","embeddable":true,"href":"http:\/\/anoverdetajo.es\/seguridadciudadana\/wp-json\/wp\/v2\/categories?post=408"},{"taxonomy":"post_tag","embeddable":true,"href":"http:\/\/anoverdetajo.es\/seguridadciudadana\/wp-json\/wp\/v2\/tags?post=408"}],"curies":[{"name":"wp","href":"https:\/\/api.w.org\/{rel}","templated":true}]}}