{"id":382,"date":"2016-01-30T13:55:43","date_gmt":"2016-01-30T12:55:43","guid":{"rendered":"http:\/\/anoverdetajo.es\/seguridadciudadana\/?p=382"},"modified":"2016-01-30T22:47:27","modified_gmt":"2016-01-30T21:47:27","slug":"zonas-peatonales","status":"publish","type":"post","link":"http:\/\/anoverdetajo.es\/seguridadciudadana\/zonas-peatonales\/","title":{"rendered":"Zonas peatonales"},"content":{"rendered":"<p>Con su publicaci\u00f3n en el\u00a0n\u00famero 20 del\u00a0Bolet\u00edn de la Provincia de Toledo del d\u00eda 27 de enero, entr\u00f3 en vigor la Ordenanza Municipal Reguladora del Uso de Zonas Peatonales que restringe el paso de veh\u00edculos en las calles adyacentes a la Plaza Espa\u00f1a durante los fines de semana.<!--more--><\/p>\n<p>Las zonas peatonales de A\u00f1over de Tajo afectan a las<strong> calles<\/strong>: calle Padilla, Plaza de Espa\u00f1a,\u00a0calle Iglesia,\u00a0calle Juan Pablo II\u00a0y calle Manuel Escribano.<\/p>\n<p>&nbsp;<\/p>\n<p><strong>Horario de peatonalizaci\u00f3n:<\/strong><\/p>\n<p style=\"text-align: justify;\">Viernes de 20:00 horas hasta las 00:00 horas.<\/p>\n<p style=\"text-align: justify;\">S\u00e1bados de 00:00 horas hasta las 06:00 horas y de\u00a016:00 horas a 00:00 horas.<\/p>\n<p style=\"text-align: justify;\">Domingos y Festivos: Todo el d\u00eda<\/p>\n<p><a href=\"http:\/\/anoverdetajo.es\/wp-content\/uploads\/2016\/01\/Zona-peatonalizada.jpg\" rel=\"attachment wp-att-3765\"><img loading=\"lazy\" class=\"aligncenter size-medium wp-image-3765\" src=\"http:\/\/anoverdetajo.es\/wp-content\/uploads\/2016\/01\/Zona-peatonalizada-300x215.jpg\" alt=\"Zona peatonalizada\" width=\"300\" height=\"215\" \/><\/a><\/p>\n<p>&nbsp;<\/p>\n<p><strong>Objetivos<\/strong><\/p>\n<p>Con la norma se busca recuperar el espacio c\u00e9ntrico para la libre circulaci\u00f3n y el encuentro de las personas, el esparcimiento de los ciudadanos y para el juego libre de los ni\u00f1os. Otros fines incluyen el reducir la contaminaci\u00f3n ac\u00fastica y ambiental, aumentar la seguridad vial\u00a0y\u00a0promover h\u00e1bitos saludables.<\/p>\n<p>&nbsp;<\/p>\n<p><strong>Restricciones<\/strong><\/p>\n<p>Este espacio de uso peatonal facilita la recuperaci\u00f3n de los espacios urbanos pero debe \u00a0compatibilizarse con situaciones especiales (mudanzas, accesos a minusv\u00e1lidos f\u00edsicos, enfermos, etc\u00e9tera), as\u00ed como con aquellas realidades ya existentes, como es el caso de los garajes o zonas de aparcamiento de los veh\u00edculos de los residentes (deber\u00e1n solicitar autorizaci\u00f3n a la Polic\u00eda Local).<\/p>\n<p>Por todo ello, <strong>la restricci\u00f3n al paso de veh\u00edculos no puede ser total<\/strong>. Sin embargo, para mantener al m\u00e1ximo la seguridad de los peatones, los veh\u00edculos deben respetar las siguientes normas:<\/p>\n<ol>\n<li>\u00a0La velocidad m\u00e1xima de circulaci\u00f3n ser\u00e1 de veinte kil\u00f3metros por hora.<\/li>\n<li>\u00a0Los conductores dar\u00e1n prioridad de paso a los peatones y ciclistas.<\/li>\n<li>Los peatones tendr\u00e1n prioridad sobre los ciclistas.<\/li>\n<li>El acceso y salida de los veh\u00edculos se realizar\u00e1 exclusivamente a trav\u00e9s de las zonas autorizadas<\/li>\n<\/ol>\n<p><strong>\u00a0<\/strong><\/p>\n<p><strong>Se\u00f1alizaci\u00f3n<\/strong><\/p>\n<p>En los accesos a la zona peatonal se hallar\u00e1n instalados los dispositivos autom\u00e1ticos de corte de acceso a la v\u00eda peatonal (pilonas autom\u00e1ticas), as\u00ed como dispositivos de lectura de matr\u00edculas con captaci\u00f3n de im\u00e1genes, pudi\u00e9ndose recurrir a cualquier otro medio de control.<\/p>\n<p>&nbsp;<\/p>\n<p><strong>Autorizaciones<\/strong><\/p>\n<p><strong>\u00a0La circulaci\u00f3n<\/strong> de los veh\u00edculos, excepto bicicletas, por las zonas peatonales reguladas<strong> <a href=\"http:\/\/anoverdetajo.es\/seguridadciudadana\/autorizaciones-para-acceder-a-la-zona-peatonal\/\" target=\"_blank\">requerir\u00e1 autorizaci\u00f3n municipal<\/a><\/strong>, previa solicitud del interesado.<\/p>\n<p>La autorizaci\u00f3n constar\u00e1 de una tarjeta que identificar\u00e1 al titular del veh\u00edculo autorizado que deber\u00e1 colocarse en su interior de forma visible desde el exterior.<\/p>\n<p>Las solicitudes de las tarjetas y autorizaciones permanentes se presentar\u00e1n, acompa\u00f1adas de la documentaci\u00f3n que en cada caso se establece en esta ordenanza, <strong>en el Registro administrativo de Polic\u00eda Local<\/strong>. Las autorizaciones tendr\u00e1n un plazo de vigencia de tres a\u00f1os.<\/p>\n<p>&nbsp;<\/p>\n<p><strong>Utilizaci\u00f3n del mando de acceso <\/strong><\/p>\n<p>S\u00f3lo podr\u00e1 utilizarse para el acceso del veh\u00edculo autorizado, no pudiendo cederse su uso para ning\u00fan otro veh\u00edculo. Los beneficiarios del distintivo y mando de acceso se hacen responsables del buen uso de los mismos, comprometi\u00e9ndose al cumplimiento de esta normativa. En el caso de que se produzcan cambios en el domicilio o en el veh\u00edculo, es obligaci\u00f3n del beneficiario comunicarlos inmediatamente.<\/p>\n<p>&nbsp;<\/p>\n<p><strong>Veh\u00edculos excluidos de la necesidad de autorizaci\u00f3n<\/strong><\/p>\n<p>No necesitar\u00e1n permiso municipal de acceso, pudiendo circular por las zonas afectadas por esta Ordenanza:<\/p>\n<ol>\n<li><strong>Veh\u00edculos de urgencia<\/strong>: Veh\u00edculos pertenecientes a las Fuerzas y Cuerpos de Seguridad, servicio de extinci\u00f3n de incendios, protecci\u00f3n civil, asistencia sanitaria p\u00fablica o privada, siempre que se encuentren prestando servicio. Para ello, deber\u00e1n presentar listado de matr\u00edculas para darlos de alta en la base de datos del sistema.<\/li>\n<li><strong>Acceso de personas con discapacidad<\/strong>: Veh\u00edculos en los que se desplacen personas con minusval\u00edas que afecten a su movilidad y est\u00e9n en posesi\u00f3n de la tarjeta de accesibilidad expedida por el organismo competente, que deber\u00e1 encontrarse en un lugar del veh\u00edculo que la haga visible desde el exterior, en los t\u00e9rminos que establece la legislaci\u00f3n vigente.<\/li>\n<li><strong>Veh\u00edculos oficiales<\/strong>: Los veh\u00edculos destinados a la prestaci\u00f3n de servicios de las distintas Administraciones P\u00fablicas, as\u00ed como los adscritos al servicio de Correos y Tel\u00e9grafos, Servicios P\u00fablicos de Higiene Urbana y otros servicios p\u00fablicos as\u00ed como las empresas funerarias, siempre que se encuentren debidamente identificados, dispondr\u00e1n de la correspondiente autorizaci\u00f3n de acceso, una vez hayan justificado debidamente a Polic\u00eda Local la necesidad de acceso a las zonas de acceso restringido.<\/li>\n<li><strong>Las bicicletas<\/strong> podr\u00e1n circular por las calles peatonales respetando siempre la preferencia de los peatones y adecuar\u00e1n la velocidad a la de los peatones, sin superar los 20 Km\/h y deber\u00e1n circular a m\u00e1s de un metro de las fachadas.<\/li>\n<\/ol>\n<p><strong><a href=\"http:\/\/anoverdetajo.es\/seguridadciudadana\/autorizaciones-para-acceder-a-la-zona-peatonal\/\">Autorizaciones: caracter\u00edsticas y requisitos<\/a><\/strong><\/p>\n<p><strong><a href=\"http:\/\/anoverdetajo.es\/wp-content\/uploads\/downloads\/2016\/01\/Ordenanza-Municipal-Reguladora-del-uso-de-zonas-peatonales-en-A%C3%B1over-de-Tajo.pdf\" target=\"_blank\">Ordenanza Municipal Reguladora del Uso de Zonas Peatonales<\/a><\/strong><\/p>\n<p>&nbsp;<\/p>\n","protected":false},"excerpt":{"rendered":"<p>Con su publicaci\u00f3n en el\u00a0n\u00famero 20 del\u00a0Bolet\u00edn de la Provincia de Toledo del d\u00eda 27 de enero, entr\u00f3 en vigor la Ordenanza Municipal Reguladora del Uso de Zonas Peatonales que restringe el paso de veh\u00edculos en las calles adyacentes a la Plaza Espa\u00f1a durante los fines de semana.<\/p>\n","protected":false},"author":2,"featured_media":0,"comment_status":"closed","ping_status":"closed","sticky":false,"template":"","format":"standard","meta":[],"categories":[16],"tags":[17],"jetpack_featured_media_url":"","_links":{"self":[{"href":"http:\/\/anoverdetajo.es\/seguridadciudadana\/wp-json\/wp\/v2\/posts\/382"}],"collection":[{"href":"http:\/\/anoverdetajo.es\/seguridadciudadana\/wp-json\/wp\/v2\/posts"}],"about":[{"href":"http:\/\/anoverdetajo.es\/seguridadciudadana\/wp-json\/wp\/v2\/types\/post"}],"author":[{"embeddable":true,"href":"http:\/\/anoverdetajo.es\/seguridadciudadana\/wp-json\/wp\/v2\/users\/2"}],"replies":[{"embeddable":true,"href":"http:\/\/anoverdetajo.es\/seguridadciudadana\/wp-json\/wp\/v2\/comments?post=382"}],"version-history":[{"count":14,"href":"http:\/\/anoverdetajo.es\/seguridadciudadana\/wp-json\/wp\/v2\/posts\/382\/revisions"}],"predecessor-version":[{"id":397,"href":"http:\/\/anoverdetajo.es\/seguridadciudadana\/wp-json\/wp\/v2\/posts\/382\/revisions\/397"}],"wp:attachment":[{"href":"http:\/\/anoverdetajo.es\/seguridadciudadana\/wp-json\/wp\/v2\/media?parent=382"}],"wp:term":[{"taxonomy":"category","embeddable":true,"href":"http:\/\/anoverdetajo.es\/seguridadciudadana\/wp-json\/wp\/v2\/categories?post=382"},{"taxonomy":"post_tag","embeddable":true,"href":"http:\/\/anoverdetajo.es\/seguridadciudadana\/wp-json\/wp\/v2\/tags?post=382"}],"curies":[{"name":"wp","href":"https:\/\/api.w.org\/{rel}","templated":true}]}}