{"id":270,"date":"2015-12-24T08:56:51","date_gmt":"2015-12-24T07:56:51","guid":{"rendered":"http:\/\/anoverdetajo.es\/seguridadciudadana\/?p=270"},"modified":"2015-12-24T08:57:30","modified_gmt":"2015-12-24T07:57:30","slug":"medalla-de-plata-por-20-anos-de-servicio","status":"publish","type":"post","link":"http:\/\/anoverdetajo.es\/seguridadciudadana\/medalla-de-plata-por-20-anos-de-servicio\/","title":{"rendered":"Medalla de plata por 20 a\u00f1os de servicio"},"content":{"rendered":"<p style=\"text-align: justify;\"><strong>Juan Antonio Alcaide D\u00edaz<\/strong>, nuestro veterano polic\u00eda local, ha recibido la medalla de plata por sus 20 a\u00f1os de servicio.<br \/>\nLa <strong>medalla a la permanencia, distintivo de plata<\/strong>, le fue entregada por Javier Nicol\u00e1s G\u00f3mez, Delegado de la Junta en Toledo. En el acto realizado el 22 de diciembre, otros 33 polic\u00edas locales de la provincia recibieron su medalla.<!--more--><\/p>\n<p style=\"text-align: justify;\">De A\u00f1over de Tajo acudieron al acto su Alcalde, <strong>Alberto Rodr\u00edguez Parra<\/strong>, el Teniente de Alcalde, Jorge Antonio Mart\u00ednez P\u00e9rez,\u00a0la familia del homenajeado y\u00a0el\u00a0oficial de la Polic\u00eda Local de A\u00f1over.<\/p>\n<p style=\"text-align: justify;\">En el discurso de cierre del acto, Javier Nicol\u00e1s G\u00f3mez reconoci\u00f3 la tarea que realizan los polic\u00edas en sus diferentes localidades y agradeci\u00f3 a las familias presentes. Por su parte, <strong>Alberto Rodr\u00edguez<\/strong> Parra se\u00f1al\u00f3 que acompa\u00f1ar a Juan Antonio y su familia es una forma de agradecer sus a\u00f1os de servicio y de <strong>expresar la importancia que tiene la Polic\u00eda Local<\/strong> y sus profesionales para el gobierno municipal en la labor de mantener la <strong>seguridad ciudadana<\/strong>.<\/p>\n<h3 style=\"text-align: justify;\"><\/h3>\n<h3 style=\"text-align: justify;\">Una vida en la Polic\u00eda<\/h3>\n<p style=\"text-align: justify;\">Corr\u00eda el a\u00f1o 1979 y luego de un simple examen, Juan Antonio entr\u00f3 como auxiliar de Polic\u00eda. Reconoce que su ingreso fue m\u00e1s por necesidad de trabajar que por vocaci\u00f3n y que su amor por la profesi\u00f3n fue creciendo con el paso del tiempo. Eran a\u00f1os donde \u00e9l como polic\u00eda se ocupaba de tareas tan dispares como barrer o armar un escenario.<\/p>\n<p style=\"text-align: justify;\">No fue hasta 1993 cuando se crea la polic\u00eda local, tal como hoy la conocemos, y tras un curso en Albacete se incorpor\u00f3 como agente. Juan Antonio pudo ver desde entonces c\u00f3mo <strong>el cuerpo se fue profesionalizando<\/strong>. En 2011, con 56 a\u00f1os, el homenajeado pas\u00f3 a segunda actividad y desde aquel momento se retir\u00f3 de las calles y se ocupa de tareas administrativas en el Ayuntamiento.<\/p>\n<p style=\"text-align: justify;\"><a href=\"http:\/\/anoverdetajo.es\/wp-content\/uploads\/2015\/12\/medalla-.jpg\" rel=\"attachment wp-att-3351\"><img loading=\"lazy\" class=\"aligncenter size-medium wp-image-3351\" src=\"http:\/\/anoverdetajo.es\/wp-content\/uploads\/2015\/12\/medalla--300x199.jpg\" alt=\"medalla\" width=\"300\" height=\"199\" \/><img loading=\"lazy\" class=\"size-medium wp-image-3349 aligncenter\" src=\"http:\/\/anoverdetajo.es\/wp-content\/uploads\/2015\/12\/medalla-2-300x224.jpg\" alt=\"medalla 2\" width=\"300\" height=\"224\" \/><img loading=\"lazy\" class=\"aligncenter size-medium wp-image-3350\" src=\"http:\/\/anoverdetajo.es\/wp-content\/uploads\/2015\/12\/medalla-3-300x241.jpg\" alt=\"medalla 3\" width=\"300\" height=\"241\" \/><\/a><\/p>\n","protected":false},"excerpt":{"rendered":"<p>Juan Antonio Alcaide D\u00edaz, nuestro veterano polic\u00eda local, ha recibido la medalla de plata por sus 20 a\u00f1os de servicio. La medalla a la permanencia, distintivo de plata, le fue entregada por Javier Nicol\u00e1s G\u00f3mez, Delegado de la Junta en Toledo. En el acto realizado el 22 de diciembre, otros 33 polic\u00edas locales de la<\/p>\n","protected":false},"author":2,"featured_media":0,"comment_status":"closed","ping_status":"closed","sticky":false,"template":"","format":"standard","meta":[],"categories":[11],"tags":[12],"jetpack_featured_media_url":"","_links":{"self":[{"href":"http:\/\/anoverdetajo.es\/seguridadciudadana\/wp-json\/wp\/v2\/posts\/270"}],"collection":[{"href":"http:\/\/anoverdetajo.es\/seguridadciudadana\/wp-json\/wp\/v2\/posts"}],"about":[{"href":"http:\/\/anoverdetajo.es\/seguridadciudadana\/wp-json\/wp\/v2\/types\/post"}],"author":[{"embeddable":true,"href":"http:\/\/anoverdetajo.es\/seguridadciudadana\/wp-json\/wp\/v2\/users\/2"}],"replies":[{"embeddable":true,"href":"http:\/\/anoverdetajo.es\/seguridadciudadana\/wp-json\/wp\/v2\/comments?post=270"}],"version-history":[{"count":0,"href":"http:\/\/anoverdetajo.es\/seguridadciudadana\/wp-json\/wp\/v2\/posts\/270\/revisions"}],"wp:attachment":[{"href":"http:\/\/anoverdetajo.es\/seguridadciudadana\/wp-json\/wp\/v2\/media?parent=270"}],"wp:term":[{"taxonomy":"category","embeddable":true,"href":"http:\/\/anoverdetajo.es\/seguridadciudadana\/wp-json\/wp\/v2\/categories?post=270"},{"taxonomy":"post_tag","embeddable":true,"href":"http:\/\/anoverdetajo.es\/seguridadciudadana\/wp-json\/wp\/v2\/tags?post=270"}],"curies":[{"name":"wp","href":"https:\/\/api.w.org\/{rel}","templated":true}]}}