{"id":600,"date":"2017-01-22T14:47:30","date_gmt":"2017-01-22T13:47:30","guid":{"rendered":"http:\/\/anoverdetajo.es\/infancia\/?p=600"},"modified":"2017-01-22T19:46:28","modified_gmt":"2017-01-22T18:46:28","slug":"nuestros-representantes","status":"publish","type":"post","link":"http:\/\/anoverdetajo.es\/infancia\/nuestros-representantes\/","title":{"rendered":"Nuevos representantes"},"content":{"rendered":"<div style=\"text-align: justify;\">El pasado jueves se present\u00f3 el nuevo Consejo Municipal de Infancia y Adolescencia de A\u00f1over de Tajo.<\/div>\n<p style=\"text-align: justify;\"><!--more--><\/p>\n<p style=\"text-align: justify;\">Entre sus vocales hay\u00a0un grupo de\u00a0ni\u00f1os y j\u00f3venes con inquietudes y comprometidos: \u00c1ngel Garc\u00eda, Judith Cabello, Clara Carmena, Celia Guti\u00e9rrez, Mario Crespo, Dora Duque, Esmeralda Serrano, Paula Hern\u00e1ndez, Alejandra Dom\u00ednguez, \u00c1ngel G\u00f3mez, Sarahi Cabello\u00a0y\u00a0Alberto Garc\u00eda.<\/p>\n<div style=\"text-align: justify;\"><\/div>\n<p style=\"text-align: justify;\">Con gran soltura los miembros respondieron a diferentes preguntas lanzadas desde el p\u00fablico mostrando una claridad de ideas y un fuerte compromiso por el bienestar del pueblo.<\/p>\n<p style=\"text-align: justify;\">En la presentaci\u00f3n estuvieron presentes el Alcalde de A\u00f1over, en su calidad de presidente del Consejo, concejales y representantes de diferentes fuerzas pol\u00edticas, y t\u00e9cnicos responsables del \u00e1rea de Cultura y de los Servicios Sociales del Ayuntamiento, entre otros.<\/p>\n<p style=\"text-align: justify;\">Surgieron temas como los proyectos en los que est\u00e1n trabajando,<strong> el acoso escolar<\/strong>, la necesidad de comprometernos en no ensuciar el pueblo, la idea de un espacio para que los j\u00f3venes se re\u00fanan, etc.<\/p>\n<p style=\"text-align: justify;\">Alberto Rodr\u00edguez Parra,\u00a0Alcalde de A\u00f1over de Tajo, destac\u00f3 como en poco m\u00e1s de un a\u00f1o se han puesto en marcha algunas de las ideas que partieron del Consejo, entre las que destac\u00f3 las <strong>sesiones de cine<\/strong> en el Teatro Municipal\u00a0y\u00a0la incorporaci\u00f3n de las sugerencias del Consejo en la futura<strong> reforma de la Plaza de Espa\u00f1a<\/strong>.<\/p>\n<div style=\"text-align: justify;\"><a href=\"http:\/\/anoverdetajo.es\/infancia\/wp-content\/uploads\/2017\/01\/DSC_0010.jpg\" rel=\"attachment wp-att-603\"><img loading=\"lazy\" class=\"aligncenter size-medium wp-image-603\" src=\"http:\/\/anoverdetajo.es\/infancia\/wp-content\/uploads\/2017\/01\/DSC_0010-300x202.jpg\" alt=\"Consejo de Infancia\" width=\"300\" height=\"202\" srcset=\"http:\/\/anoverdetajo.es\/infancia\/wp-content\/uploads\/2017\/01\/DSC_0010-300x202.jpg 300w, http:\/\/anoverdetajo.es\/infancia\/wp-content\/uploads\/2017\/01\/DSC_0010-768x518.jpg 768w, http:\/\/anoverdetajo.es\/infancia\/wp-content\/uploads\/2017\/01\/DSC_0010-1024x691.jpg 1024w\" sizes=\"(max-width: 300px) 100vw, 300px\" \/><\/a><\/div>\n<p>&nbsp;<\/p>\n<h3 style=\"text-align: justify;\"><strong>Proceso de elecci\u00f3n<\/strong><\/h3>\n<div id=\"AppleMailSignature\" style=\"text-align: justify;\">La edad\u00a0de los miembros va desde los\u00a09 hasta los 17 a\u00f1os. \u00a0La presentaci\u00f3n de candidatura para los interesados fue del 12 al 17 de noviembre de 2016. La votaci\u00f3n deb\u00eda hacerse ese\u00a0mismo 17 a las 5 de la tarde, pero no se realiz\u00f3\u00a0porque entraban todos los ni\u00f1os presentados.<\/div>\n<div id=\"AppleMailSignature\" style=\"text-align: justify;\">Las reuniones son peri\u00f3dicas m\u00e1s o menos una vez al mes, pero cuando se acercan acontecimientos o proyectos\u00a0se encuentran con mayor frecuencia.<\/div>\n<p>&nbsp;<\/p>\n<div><a href=\"http:\/\/anoverdetajo.es\/infancia\/wp-content\/uploads\/2017\/01\/DSC_0005.jpg\" rel=\"attachment wp-att-604\"><img loading=\"lazy\" class=\"size-medium wp-image-604 aligncenter\" src=\"http:\/\/anoverdetajo.es\/infancia\/wp-content\/uploads\/2017\/01\/DSC_0005-300x227.jpg\" alt=\"Consejo de Infancia\" width=\"300\" height=\"227\" srcset=\"http:\/\/anoverdetajo.es\/infancia\/wp-content\/uploads\/2017\/01\/DSC_0005-300x227.jpg 300w, http:\/\/anoverdetajo.es\/infancia\/wp-content\/uploads\/2017\/01\/DSC_0005-768x581.jpg 768w, http:\/\/anoverdetajo.es\/infancia\/wp-content\/uploads\/2017\/01\/DSC_0005-1024x774.jpg 1024w\" sizes=\"(max-width: 300px) 100vw, 300px\" \/><\/a><\/div>\n<p><a href=\"http:\/\/anoverdetajo.es\/infancia\/wp-content\/uploads\/2017\/01\/DSC_0002.jpg\" rel=\"attachment wp-att-607\"><img loading=\"lazy\" class=\"size-medium wp-image-607 aligncenter\" src=\"http:\/\/anoverdetajo.es\/infancia\/wp-content\/uploads\/2017\/01\/DSC_0002-300x199.jpg\" alt=\"Consejo de Infancia\" width=\"300\" height=\"199\" srcset=\"http:\/\/anoverdetajo.es\/infancia\/wp-content\/uploads\/2017\/01\/DSC_0002-300x199.jpg 300w, http:\/\/anoverdetajo.es\/infancia\/wp-content\/uploads\/2017\/01\/DSC_0002-768x510.jpg 768w, http:\/\/anoverdetajo.es\/infancia\/wp-content\/uploads\/2017\/01\/DSC_0002-1024x680.jpg 1024w\" sizes=\"(max-width: 300px) 100vw, 300px\" \/><\/a><\/p>\n<p><a href=\"http:\/\/anoverdetajo.es\/infancia\/wp-content\/uploads\/2017\/01\/DSC_0012.jpg\" rel=\"attachment wp-att-606\"><img loading=\"lazy\" class=\"size-medium wp-image-606 aligncenter\" src=\"http:\/\/anoverdetajo.es\/infancia\/wp-content\/uploads\/2017\/01\/DSC_0012-300x189.jpg\" alt=\"Consejo de Infancia\" width=\"300\" height=\"189\" srcset=\"http:\/\/anoverdetajo.es\/infancia\/wp-content\/uploads\/2017\/01\/DSC_0012-300x189.jpg 300w, http:\/\/anoverdetajo.es\/infancia\/wp-content\/uploads\/2017\/01\/DSC_0012-768x484.jpg 768w, http:\/\/anoverdetajo.es\/infancia\/wp-content\/uploads\/2017\/01\/DSC_0012-1024x646.jpg 1024w\" sizes=\"(max-width: 300px) 100vw, 300px\" \/><\/a><\/p>\n<div><\/div>\n<div><a href=\"http:\/\/anoverdetajo.es\/infancia\/wp-content\/uploads\/2017\/01\/DSC_0007.jpg\" rel=\"attachment wp-att-605\"><img loading=\"lazy\" class=\"size-medium wp-image-605 aligncenter\" src=\"http:\/\/anoverdetajo.es\/infancia\/wp-content\/uploads\/2017\/01\/DSC_0007-300x192.jpg\" alt=\"Consejo de Infancia\" width=\"300\" height=\"192\" srcset=\"http:\/\/anoverdetajo.es\/infancia\/wp-content\/uploads\/2017\/01\/DSC_0007-300x192.jpg 300w, http:\/\/anoverdetajo.es\/infancia\/wp-content\/uploads\/2017\/01\/DSC_0007-768x493.jpg 768w, http:\/\/anoverdetajo.es\/infancia\/wp-content\/uploads\/2017\/01\/DSC_0007-1024x657.jpg 1024w\" sizes=\"(max-width: 300px) 100vw, 300px\" \/><\/a><\/div>\n<div><\/div>\n","protected":false},"excerpt":{"rendered":"<p>El pasado jueves se present\u00f3 el nuevo Consejo Municipal de Infancia y Adolescencia de A\u00f1over de Tajo.<\/p>\n","protected":false},"author":3,"featured_media":607,"comment_status":"closed","ping_status":"closed","sticky":false,"template":"","format":"standard","meta":[],"categories":[1,36],"tags":[12],"jetpack_featured_media_url":"http:\/\/anoverdetajo.es\/infancia\/wp-content\/uploads\/2017\/01\/DSC_0002.jpg","_links":{"self":[{"href":"http:\/\/anoverdetajo.es\/infancia\/wp-json\/wp\/v2\/posts\/600"}],"collection":[{"href":"http:\/\/anoverdetajo.es\/infancia\/wp-json\/wp\/v2\/posts"}],"about":[{"href":"http:\/\/anoverdetajo.es\/infancia\/wp-json\/wp\/v2\/types\/post"}],"author":[{"embeddable":true,"href":"http:\/\/anoverdetajo.es\/infancia\/wp-json\/wp\/v2\/users\/3"}],"replies":[{"embeddable":true,"href":"http:\/\/anoverdetajo.es\/infancia\/wp-json\/wp\/v2\/comments?post=600"}],"version-history":[{"count":14,"href":"http:\/\/anoverdetajo.es\/infancia\/wp-json\/wp\/v2\/posts\/600\/revisions"}],"predecessor-version":[{"id":620,"href":"http:\/\/anoverdetajo.es\/infancia\/wp-json\/wp\/v2\/posts\/600\/revisions\/620"}],"wp:featuredmedia":[{"embeddable":true,"href":"http:\/\/anoverdetajo.es\/infancia\/wp-json\/wp\/v2\/media\/607"}],"wp:attachment":[{"href":"http:\/\/anoverdetajo.es\/infancia\/wp-json\/wp\/v2\/media?parent=600"}],"wp:term":[{"taxonomy":"category","embeddable":true,"href":"http:\/\/anoverdetajo.es\/infancia\/wp-json\/wp\/v2\/categories?post=600"},{"taxonomy":"post_tag","embeddable":true,"href":"http:\/\/anoverdetajo.es\/infancia\/wp-json\/wp\/v2\/tags?post=600"}],"curies":[{"name":"wp","href":"https:\/\/api.w.org\/{rel}","templated":true}]}}