{"id":595,"date":"2017-01-19T13:19:55","date_gmt":"2017-01-19T12:19:55","guid":{"rendered":"http:\/\/anoverdetajo.es\/infancia\/?p=595"},"modified":"2017-01-19T23:12:41","modified_gmt":"2017-01-19T22:12:41","slug":"presentacion-del-nuevo-consejo-de-infancia","status":"publish","type":"post","link":"http:\/\/anoverdetajo.es\/infancia\/presentacion-del-nuevo-consejo-de-infancia\/","title":{"rendered":"Presentaci\u00f3n del nuevo Consejo de Infancia"},"content":{"rendered":"<p style=\"text-align: justify;\">El pr\u00f3ximo d\u00eda 19 de Enero de 2017 a las 19 horas se presentar\u00e1 oficialmente, tras \u00faltimas elecciones, el nuevo\u00a0Consejo Municipal de Infancia y Adolescencia\u00a0de A\u00f1over de Tajo.\u00a0<!--more--><\/p>\n<p style=\"text-align: justify;\">El Consejo es el <strong>\u00f3rgano de participaci\u00f3n ciudadana<\/strong> donde se abordar\u00e1n los asuntos\u00a0relativos a la situaci\u00f3n de la infancia y adolescencia de nuestro<br \/>\nmunicipio.<br \/>\nTenemos el honor de invitarle a asistir a la asamblea, donde\u00a0nuestra infancia y adolescencia propondr\u00e1n a los\u00a0representantes de los ciudadanos, sus peticiones y propuestas.<br \/>\n<a href=\"http:\/\/anoverdetajo.es\/infancia\/wp-content\/uploads\/2017\/01\/CONVOCATORIA-CONSEJO-INFANCIA-2017-copia.jpg\" rel=\"attachment wp-att-596\"><img loading=\"lazy\" class=\"aligncenter size-medium wp-image-596\" src=\"http:\/\/anoverdetajo.es\/infancia\/wp-content\/uploads\/2017\/01\/CONVOCATORIA-CONSEJO-INFANCIA-2017-copia-300x294.jpg\" alt=\"CONVOCATORIA CONSEJO INFANCIA 2017 \" width=\"300\" height=\"294\" srcset=\"http:\/\/anoverdetajo.es\/infancia\/wp-content\/uploads\/2017\/01\/CONVOCATORIA-CONSEJO-INFANCIA-2017-copia-300x294.jpg 300w, http:\/\/anoverdetajo.es\/infancia\/wp-content\/uploads\/2017\/01\/CONVOCATORIA-CONSEJO-INFANCIA-2017-copia-768x754.jpg 768w, http:\/\/anoverdetajo.es\/infancia\/wp-content\/uploads\/2017\/01\/CONVOCATORIA-CONSEJO-INFANCIA-2017-copia-1024x1005.jpg 1024w, http:\/\/anoverdetajo.es\/infancia\/wp-content\/uploads\/2017\/01\/CONVOCATORIA-CONSEJO-INFANCIA-2017-copia.jpg 1472w\" sizes=\"(max-width: 300px) 100vw, 300px\" \/><\/a><\/p>\n","protected":false},"excerpt":{"rendered":"<p>El pr\u00f3ximo d\u00eda 19 de Enero de 2017 a las 19 horas se presentar\u00e1 oficialmente, tras \u00faltimas elecciones, el nuevo\u00a0Consejo Municipal de Infancia y Adolescencia\u00a0de A\u00f1over de Tajo.\u00a0<\/p>\n","protected":false},"author":3,"featured_media":596,"comment_status":"closed","ping_status":"closed","sticky":false,"template":"","format":"standard","meta":[],"categories":[2,36],"tags":[41],"jetpack_featured_media_url":"http:\/\/anoverdetajo.es\/infancia\/wp-content\/uploads\/2017\/01\/CONVOCATORIA-CONSEJO-INFANCIA-2017-copia.jpg","_links":{"self":[{"href":"http:\/\/anoverdetajo.es\/infancia\/wp-json\/wp\/v2\/posts\/595"}],"collection":[{"href":"http:\/\/anoverdetajo.es\/infancia\/wp-json\/wp\/v2\/posts"}],"about":[{"href":"http:\/\/anoverdetajo.es\/infancia\/wp-json\/wp\/v2\/types\/post"}],"author":[{"embeddable":true,"href":"http:\/\/anoverdetajo.es\/infancia\/wp-json\/wp\/v2\/users\/3"}],"replies":[{"embeddable":true,"href":"http:\/\/anoverdetajo.es\/infancia\/wp-json\/wp\/v2\/comments?post=595"}],"version-history":[{"count":3,"href":"http:\/\/anoverdetajo.es\/infancia\/wp-json\/wp\/v2\/posts\/595\/revisions"}],"predecessor-version":[{"id":599,"href":"http:\/\/anoverdetajo.es\/infancia\/wp-json\/wp\/v2\/posts\/595\/revisions\/599"}],"wp:featuredmedia":[{"embeddable":true,"href":"http:\/\/anoverdetajo.es\/infancia\/wp-json\/wp\/v2\/media\/596"}],"wp:attachment":[{"href":"http:\/\/anoverdetajo.es\/infancia\/wp-json\/wp\/v2\/media?parent=595"}],"wp:term":[{"taxonomy":"category","embeddable":true,"href":"http:\/\/anoverdetajo.es\/infancia\/wp-json\/wp\/v2\/categories?post=595"},{"taxonomy":"post_tag","embeddable":true,"href":"http:\/\/anoverdetajo.es\/infancia\/wp-json\/wp\/v2\/tags?post=595"}],"curies":[{"name":"wp","href":"https:\/\/api.w.org\/{rel}","templated":true}]}}