{"id":582,"date":"2016-11-15T22:51:56","date_gmt":"2016-11-15T21:51:56","guid":{"rendered":"http:\/\/anoverdetajo.es\/infancia\/?p=582"},"modified":"2016-11-15T23:31:04","modified_gmt":"2016-11-15T22:31:04","slug":"reconocimiento-de-unicef","status":"publish","type":"post","link":"http:\/\/anoverdetajo.es\/infancia\/reconocimiento-de-unicef\/","title":{"rendered":"Reconocimiento de Unicef"},"content":{"rendered":"<p style=\"text-align: justify;\">El Alcalde de\u00a0A\u00f1over de Tajo, Alberto Rodr\u00edguez Parra, ha recogido en Santander el reconocimiento de UNICEF a nuestra Ludoteca Municipal y a nuestro Ayuntamiento.<!--more--><\/p>\n<p style=\"text-align: justify;\">Es un reconocimiento a las Buenas Pr\u00e1cticas, Derechos de la Infancia y Pol\u00edtica Municipal. El alcalde ha agradecido a <strong>Olga Carmena Aparicio y a Laura Guti\u00e9rrez L\u00f3pez<\/strong> por su incansable trabajo con los ni\u00f1os y por su compromiso con la infancia y adolescencia de nuestro pueblo.<\/p>\n<p style=\"text-align: justify;\">El reconocimiento parte del <strong>programa Ciudades Amigas de la Infancia<\/strong> que est\u00e1 impulsado por UNICEF Comit\u00e9 Espa\u00f1ol, el Ministerio de Sanidad, Servicios Sociales e Igualdad, la Federaci\u00f3n Espa\u00f1ola de Municipios y Provincias (FEMP) y el Instituto Universitario de Necesidades y Derechos de la Infancia y la Adolescencia (IUNDIA) y pretende <strong>impulsar y promover la aplicaci\u00f3n de la Convenci\u00f3n sobre los Derechos del Ni\u00f1o<\/strong> en el \u00e1mbito local.<\/p>\n<p>\u00a1Enhorabuena!<\/p>\n<p style=\"text-align: justify;\"><a href=\"http:\/\/anoverdetajo.es\/infancia\/wp-content\/uploads\/2016\/11\/Alberto-y-Olga.jpg\" rel=\"attachment wp-att-584\"><img loading=\"lazy\" class=\"aligncenter size-medium wp-image-584\" src=\"http:\/\/anoverdetajo.es\/infancia\/wp-content\/uploads\/2016\/11\/Alberto-y-Olga-226x300.jpg\" alt=\"alberto-y-olga\" width=\"226\" height=\"300\" srcset=\"http:\/\/anoverdetajo.es\/infancia\/wp-content\/uploads\/2016\/11\/Alberto-y-Olga-226x300.jpg 226w, http:\/\/anoverdetajo.es\/infancia\/wp-content\/uploads\/2016\/11\/Alberto-y-Olga.jpg 674w\" sizes=\"(max-width: 226px) 100vw, 226px\" \/><\/a><\/p>\n<p style=\"text-align: justify;\"><a href=\"http:\/\/anoverdetajo.es\/infancia\/wp-content\/uploads\/2016\/11\/15055690_10210062629873769_3934494623252987727_n.jpg\" rel=\"attachment wp-att-586\"><img loading=\"lazy\" class=\"aligncenter size-medium wp-image-586\" src=\"http:\/\/anoverdetajo.es\/infancia\/wp-content\/uploads\/2016\/11\/15055690_10210062629873769_3934494623252987727_n-300x225.jpg\" alt=\"15055690_10210062629873769_3934494623252987727_n\" width=\"300\" height=\"225\" srcset=\"http:\/\/anoverdetajo.es\/infancia\/wp-content\/uploads\/2016\/11\/15055690_10210062629873769_3934494623252987727_n-300x225.jpg 300w, http:\/\/anoverdetajo.es\/infancia\/wp-content\/uploads\/2016\/11\/15055690_10210062629873769_3934494623252987727_n-768x576.jpg 768w, http:\/\/anoverdetajo.es\/infancia\/wp-content\/uploads\/2016\/11\/15055690_10210062629873769_3934494623252987727_n.jpg 960w\" sizes=\"(max-width: 300px) 100vw, 300px\" \/><\/a><a href=\"http:\/\/anoverdetajo.es\/infancia\/wp-admin\/post.php?post=582&amp;action=edit#\">Quitar la imagen destacada<\/a><\/p>\n<p style=\"text-align: justify;\"><a href=\"http:\/\/anoverdetajo.es\/infancia\/wp-content\/uploads\/2016\/11\/15032934_10210062630393782_6656797002170239467_n.jpg\" rel=\"attachment wp-att-585\"><img loading=\"lazy\" class=\"aligncenter size-medium wp-image-585\" src=\"http:\/\/anoverdetajo.es\/infancia\/wp-content\/uploads\/2016\/11\/15032934_10210062630393782_6656797002170239467_n-300x169.jpg\" alt=\"15032934_10210062630393782_6656797002170239467_n\" width=\"300\" height=\"169\" srcset=\"http:\/\/anoverdetajo.es\/infancia\/wp-content\/uploads\/2016\/11\/15032934_10210062630393782_6656797002170239467_n-300x169.jpg 300w, http:\/\/anoverdetajo.es\/infancia\/wp-content\/uploads\/2016\/11\/15032934_10210062630393782_6656797002170239467_n-768x432.jpg 768w, http:\/\/anoverdetajo.es\/infancia\/wp-content\/uploads\/2016\/11\/15032934_10210062630393782_6656797002170239467_n.jpg 960w\" sizes=\"(max-width: 300px) 100vw, 300px\" \/><\/a><\/p>\n","protected":false},"excerpt":{"rendered":"<p>El Alcalde de\u00a0A\u00f1over de Tajo, Alberto Rodr\u00edguez Parra, ha recogido en Santander el reconocimiento de UNICEF a nuestra Ludoteca Municipal y a nuestro Ayuntamiento.<\/p>\n","protected":false},"author":3,"featured_media":584,"comment_status":"closed","ping_status":"closed","sticky":false,"template":"","format":"standard","meta":[],"categories":[2,36],"tags":[40],"jetpack_featured_media_url":"http:\/\/anoverdetajo.es\/infancia\/wp-content\/uploads\/2016\/11\/Alberto-y-Olga.jpg","_links":{"self":[{"href":"http:\/\/anoverdetajo.es\/infancia\/wp-json\/wp\/v2\/posts\/582"}],"collection":[{"href":"http:\/\/anoverdetajo.es\/infancia\/wp-json\/wp\/v2\/posts"}],"about":[{"href":"http:\/\/anoverdetajo.es\/infancia\/wp-json\/wp\/v2\/types\/post"}],"author":[{"embeddable":true,"href":"http:\/\/anoverdetajo.es\/infancia\/wp-json\/wp\/v2\/users\/3"}],"replies":[{"embeddable":true,"href":"http:\/\/anoverdetajo.es\/infancia\/wp-json\/wp\/v2\/comments?post=582"}],"version-history":[{"count":7,"href":"http:\/\/anoverdetajo.es\/infancia\/wp-json\/wp\/v2\/posts\/582\/revisions"}],"predecessor-version":[{"id":593,"href":"http:\/\/anoverdetajo.es\/infancia\/wp-json\/wp\/v2\/posts\/582\/revisions\/593"}],"wp:featuredmedia":[{"embeddable":true,"href":"http:\/\/anoverdetajo.es\/infancia\/wp-json\/wp\/v2\/media\/584"}],"wp:attachment":[{"href":"http:\/\/anoverdetajo.es\/infancia\/wp-json\/wp\/v2\/media?parent=582"}],"wp:term":[{"taxonomy":"category","embeddable":true,"href":"http:\/\/anoverdetajo.es\/infancia\/wp-json\/wp\/v2\/categories?post=582"},{"taxonomy":"post_tag","embeddable":true,"href":"http:\/\/anoverdetajo.es\/infancia\/wp-json\/wp\/v2\/tags?post=582"}],"curies":[{"name":"wp","href":"https:\/\/api.w.org\/{rel}","templated":true}]}}