{"id":421,"date":"2015-12-04T09:29:14","date_gmt":"2015-12-04T08:29:14","guid":{"rendered":"http:\/\/anoverdetajo.es\/infancia\/?p=421"},"modified":"2015-12-04T19:39:24","modified_gmt":"2015-12-04T18:39:24","slug":"navi-ludo-nuestra-propuesta-navidena","status":"publish","type":"post","link":"http:\/\/anoverdetajo.es\/infancia\/navi-ludo-nuestra-propuesta-navidena\/","title":{"rendered":"Navi-ludo, nuestra propuesta navide\u00f1a"},"content":{"rendered":"<p>Tu ludoteca amiga no cierra por Navidad. Al contrario, te ofrece nuevas propuestas y horarios matutinos y ampliados. <!--more-->Del 28 de diciembre al 8 de enero estaremos con dos opciones horarias: de 10 a 13 horas y de 9 a 14 horas.<\/p>\n<p><a href=\"http:\/\/anoverdetajo.es\/infancia\/wp-content\/uploads\/2015\/12\/Ludoteca-en-navidad.jpg\"><img loading=\"lazy\" class=\" size-medium wp-image-424 aligncenter\" src=\"http:\/\/anoverdetajo.es\/infancia\/wp-content\/uploads\/2015\/12\/Ludoteca-navidad-cartel-300x209.jpg\" alt=\"Ludoteca navidad cartel\" width=\"300\" height=\"209\" srcset=\"http:\/\/anoverdetajo.es\/infancia\/wp-content\/uploads\/2015\/12\/Ludoteca-navidad-cartel-300x209.jpg 300w, http:\/\/anoverdetajo.es\/infancia\/wp-content\/uploads\/2015\/12\/Ludoteca-navidad-cartel-1024x713.jpg 1024w, http:\/\/anoverdetajo.es\/infancia\/wp-content\/uploads\/2015\/12\/Ludoteca-navidad-cartel-900x627.jpg 900w, http:\/\/anoverdetajo.es\/infancia\/wp-content\/uploads\/2015\/12\/Ludoteca-navidad-cartel.jpg 1091w\" sizes=\"(max-width: 300px) 100vw, 300px\" \/><\/a><\/p>\n<p>Durante esos d\u00edas tus hijos podr\u00e1n disfrutar de actividades pl\u00e1sticas donde desarrollar\u00e1n su creatividad. Aprender\u00e1n y cantar\u00e1n villancicos y se divertir\u00e1n escuchando incre\u00edbles historias.<\/p>\n<p>Tambi\u00e9n estar\u00e1n entretenidos preparando\u00a0recetas navide\u00f1as, sin olvidar la importancia de una nutrici\u00f3n variada y saludable.<\/p>\n<p><a href=\"http:\/\/anoverdetajo.es\/infancia\/wp-content\/uploads\/2015\/12\/Ludoteca-en-navidad.jpg\"><img loading=\"lazy\" class=\" size-medium wp-image-423 aligncenter\" src=\"http:\/\/anoverdetajo.es\/infancia\/wp-content\/uploads\/2015\/12\/Ludoteca-en-navidad-300x210.jpg\" alt=\"Ludoteca en navidad\" width=\"300\" height=\"210\" srcset=\"http:\/\/anoverdetajo.es\/infancia\/wp-content\/uploads\/2015\/12\/Ludoteca-en-navidad-300x210.jpg 300w, http:\/\/anoverdetajo.es\/infancia\/wp-content\/uploads\/2015\/12\/Ludoteca-en-navidad-1024x716.jpg 1024w, http:\/\/anoverdetajo.es\/infancia\/wp-content\/uploads\/2015\/12\/Ludoteca-en-navidad-900x629.jpg 900w, http:\/\/anoverdetajo.es\/infancia\/wp-content\/uploads\/2015\/12\/Ludoteca-en-navidad.jpg 1076w\" sizes=\"(max-width: 300px) 100vw, 300px\" \/><\/a><\/p>\n<p>La siguiente es la lista con los precios correctos.\u00a0Ante cualquier duda comun\u00edcate con tuludotecaamiga@anoverdetajo.es<\/p>\n<p><a href=\"http:\/\/anoverdetajo.es\/infancia\/wp-content\/uploads\/2015\/12\/Ludoteca-en-navidad-21.jpg\"><img loading=\"lazy\" class=\"aligncenter size-medium wp-image-438\" src=\"http:\/\/anoverdetajo.es\/infancia\/wp-content\/uploads\/2015\/12\/Ludoteca-en-navidad-21-300x209.jpg\" alt=\"Ludoteca en navidad 2\" width=\"300\" height=\"209\" srcset=\"http:\/\/anoverdetajo.es\/infancia\/wp-content\/uploads\/2015\/12\/Ludoteca-en-navidad-21-300x209.jpg 300w, http:\/\/anoverdetajo.es\/infancia\/wp-content\/uploads\/2015\/12\/Ludoteca-en-navidad-21-1024x712.jpg 1024w, http:\/\/anoverdetajo.es\/infancia\/wp-content\/uploads\/2015\/12\/Ludoteca-en-navidad-21-900x626.jpg 900w, http:\/\/anoverdetajo.es\/infancia\/wp-content\/uploads\/2015\/12\/Ludoteca-en-navidad-21.jpg 1081w\" sizes=\"(max-width: 300px) 100vw, 300px\" \/><\/a><\/p>\n<p>&nbsp;<\/p>\n<p><a href=\"http:\/\/anoverdetajo.es\/infancia\/wp-content\/uploads\/2015\/12\/recortado-ludoteca-navidad.jpg\"><br \/>\n<\/a><\/p>\n","protected":false},"excerpt":{"rendered":"<p>Tu ludoteca amiga no cierra por Navidad. Al contrario, te ofrece nuevas propuestas y horarios matutinos y ampliados.<\/p>\n","protected":false},"author":3,"featured_media":425,"comment_status":"closed","ping_status":"closed","sticky":false,"template":"","format":"standard","meta":[],"categories":[1,36],"tags":[37],"jetpack_featured_media_url":"http:\/\/anoverdetajo.es\/infancia\/wp-content\/uploads\/2015\/12\/recortado-ludoteca-navidad.jpg","_links":{"self":[{"href":"http:\/\/anoverdetajo.es\/infancia\/wp-json\/wp\/v2\/posts\/421"}],"collection":[{"href":"http:\/\/anoverdetajo.es\/infancia\/wp-json\/wp\/v2\/posts"}],"about":[{"href":"http:\/\/anoverdetajo.es\/infancia\/wp-json\/wp\/v2\/types\/post"}],"author":[{"embeddable":true,"href":"http:\/\/anoverdetajo.es\/infancia\/wp-json\/wp\/v2\/users\/3"}],"replies":[{"embeddable":true,"href":"http:\/\/anoverdetajo.es\/infancia\/wp-json\/wp\/v2\/comments?post=421"}],"version-history":[{"count":0,"href":"http:\/\/anoverdetajo.es\/infancia\/wp-json\/wp\/v2\/posts\/421\/revisions"}],"wp:featuredmedia":[{"embeddable":true,"href":"http:\/\/anoverdetajo.es\/infancia\/wp-json\/wp\/v2\/media\/425"}],"wp:attachment":[{"href":"http:\/\/anoverdetajo.es\/infancia\/wp-json\/wp\/v2\/media?parent=421"}],"wp:term":[{"taxonomy":"category","embeddable":true,"href":"http:\/\/anoverdetajo.es\/infancia\/wp-json\/wp\/v2\/categories?post=421"},{"taxonomy":"post_tag","embeddable":true,"href":"http:\/\/anoverdetajo.es\/infancia\/wp-json\/wp\/v2\/tags?post=421"}],"curies":[{"name":"wp","href":"https:\/\/api.w.org\/{rel}","templated":true}]}}