{"id":170,"date":"2013-11-25T10:51:17","date_gmt":"2013-11-25T09:51:17","guid":{"rendered":"http:\/\/anoverdetajo.es\/infancia\/?p=170"},"modified":"2013-11-25T13:45:45","modified_gmt":"2013-11-25T12:45:45","slug":"se-forma-el-primer-consejo-de-infancia","status":"publish","type":"post","link":"http:\/\/anoverdetajo.es\/infancia\/se-forma-el-primer-consejo-de-infancia\/","title":{"rendered":"Se forma el primer consejo de infancia"},"content":{"rendered":"<p style=\"text-align: justify;\">El pasado viernes 22 de noviembre de 2013 el sal\u00f3n de plenos del Ayuntamiento de A\u00f1over de Tajo ha acogido la celebraci\u00f3n del primer pleno del consejo Municipal de Infancia y adolescencia de A\u00f1over de Tajo.<!--more-->Se trata de un \u00f3rgano de caracter consultivo formado por 12 ni\u00f1os\/as de 6 a 15 a\u00f1os del colegio Conde de Mayalde e Instituto San Blas\u00a0 presidido por el Alcalde de A\u00f1over de Tajo, Alberto Rodriguez Parra.<\/p>\n<p style=\"text-align: justify;\">Igualmente, en este organismo participa UNICEF en calidad de Instituci\u00f3n asesora.<\/p>\n<p style=\"text-align: justify;\">Este nuevo consejo de participacion ciudadana dedicar\u00e1 su trabajo a crear un plan de infancia y adolescencia para nuestra comunidad, donde se aplicaran los derechos de la infancia, as\u00ed como programas y proyectos concretos dirigidos a los ni\u00f1os\/as y adolescentes de la localidad.<\/p>\n<p><center><object width=\"400\" height=\"267\" classid=\"clsid:d27cdb6e-ae6d-11cf-96b8-444553540000\" codebase=\"http:\/\/download.macromedia.com\/pub\/shockwave\/cabs\/flash\/swflash.cab#version=6,0,40,0\"><param name=\"src\" value=\"https:\/\/static.googleusercontent.com\/external_content\/picasaweb.googleusercontent.com\/slideshow.swf\" \/><param name=\"flashvars\" value=\"host=picasaweb.google.com&amp;hl=en_US&amp;feat=flashalbum&amp;RGB=0x000000&amp;feed=https%3A%2F%2Fpicasaweb.google.com%2Fdata%2Ffeed%2Fapi%2Fuser%2F107652028717810745501%2Falbumid%2F5950148281657222241%3Falt%3Drss%26kind%3Dphoto%26hl%3Den_US\" \/><param name=\"pluginspage\" value=\"http:\/\/www.macromedia.com\/go\/getflashplayer\" \/><embed width=\"400\" height=\"267\" type=\"application\/x-shockwave-flash\" src=\"https:\/\/static.googleusercontent.com\/external_content\/picasaweb.googleusercontent.com\/slideshow.swf\" flashvars=\"host=picasaweb.google.com&amp;hl=en_US&amp;feat=flashalbum&amp;RGB=0x000000&amp;feed=https%3A%2F%2Fpicasaweb.google.com%2Fdata%2Ffeed%2Fapi%2Fuser%2F107652028717810745501%2Falbumid%2F5950148281657222241%3Falt%3Drss%26kind%3Dphoto%26hl%3Den_US\" pluginspage=\"http:\/\/www.macromedia.com\/go\/getflashplayer\" \/><\/object><\/center><\/p>\n","protected":false},"excerpt":{"rendered":"<p>El pasado viernes 22 de noviembre de 2013 el sal\u00f3n de plenos del Ayuntamiento de A\u00f1over de Tajo ha acogido la celebraci\u00f3n del primer pleno del consejo Municipal de Infancia y adolescencia de A\u00f1over de Tajo.<\/p>\n","protected":false},"author":2,"featured_media":172,"comment_status":"open","ping_status":"open","sticky":false,"template":"","format":"standard","meta":[],"categories":[1],"tags":[12,38],"jetpack_featured_media_url":"http:\/\/anoverdetajo.es\/infancia\/wp-content\/uploads\/2013\/11\/foto-consejo2.jpg","_links":{"self":[{"href":"http:\/\/anoverdetajo.es\/infancia\/wp-json\/wp\/v2\/posts\/170"}],"collection":[{"href":"http:\/\/anoverdetajo.es\/infancia\/wp-json\/wp\/v2\/posts"}],"about":[{"href":"http:\/\/anoverdetajo.es\/infancia\/wp-json\/wp\/v2\/types\/post"}],"author":[{"embeddable":true,"href":"http:\/\/anoverdetajo.es\/infancia\/wp-json\/wp\/v2\/users\/2"}],"replies":[{"embeddable":true,"href":"http:\/\/anoverdetajo.es\/infancia\/wp-json\/wp\/v2\/comments?post=170"}],"version-history":[{"count":0,"href":"http:\/\/anoverdetajo.es\/infancia\/wp-json\/wp\/v2\/posts\/170\/revisions"}],"wp:featuredmedia":[{"embeddable":true,"href":"http:\/\/anoverdetajo.es\/infancia\/wp-json\/wp\/v2\/media\/172"}],"wp:attachment":[{"href":"http:\/\/anoverdetajo.es\/infancia\/wp-json\/wp\/v2\/media?parent=170"}],"wp:term":[{"taxonomy":"category","embeddable":true,"href":"http:\/\/anoverdetajo.es\/infancia\/wp-json\/wp\/v2\/categories?post=170"},{"taxonomy":"post_tag","embeddable":true,"href":"http:\/\/anoverdetajo.es\/infancia\/wp-json\/wp\/v2\/tags?post=170"}],"curies":[{"name":"wp","href":"https:\/\/api.w.org\/{rel}","templated":true}]}}