{"id":960,"date":"2014-11-17T13:49:45","date_gmt":"2014-11-17T12:49:45","guid":{"rendered":"http:\/\/anoverdetajo.es\/deporte\/?p=960"},"modified":"2015-02-10T11:52:29","modified_gmt":"2015-02-10T10:52:29","slug":"jornadas-blancas-2015","status":"publish","type":"post","link":"http:\/\/anoverdetajo.es\/deporte\/jornadas-blancas-2015\/","title":{"rendered":"Jornadas Blancas 2015"},"content":{"rendered":"<p style=\"text-align: justify;\">De la mano de la Diputaci\u00f3n de Toledo se ofertan unas jornadas de convivencia y pr\u00e1ctica del esqu\u00ed para ni\u00f1os y j\u00f3venes.\u00a0El plazo de inscripci\u00f3n finaliza el pr\u00f3ximo 9\u00a0de enero de 2015.<\/p>\n<p><!--more--><\/p>\n<p>Este programa est\u00e1 dirigido a ni\u00f1os y j\u00f3venes\u00a0de nuestra provincia interesados en realizar unas jornadas de convivencia y pr\u00e1ctica del esqu\u00ed en un paraje natural de extraordinaria belleza, apostando por una actividad diferente pero que sirva para introducirse en un deporte que no es habitual en la provincia de Toledo.<\/p>\n<ul>\n<li>LUGAR: Baqueira-Beret<\/li>\n<li>DESTINATARIOS:\u00a0Nacidos entre\u00a0el 01\/01\/2000 al 31\/12\/2005.<\/li>\n<li>N\u00daMERO DE PLAZAS:\u00a0150<\/li>\n<li>FECHA: del\u00a013 al 18 de febrero<\/li>\n<li>PRECIO: 255 \u20ac<\/li>\n<li>ALOJAMIENTO: habitaciones m\u00faltiples. No incluye comida en el viaje de ida, ni vuelta.<\/li>\n<\/ul>\n<p>Mas informaci\u00f3n pinchando en el enlace: <a title=\"informaci\u00f3n Jornadas Blancas 2015\" href=\"http:\/\/www.diputoledo.es\/global\/categoria.php?id_area=21&amp;id_seg=119&amp;id_cat=327&amp;f=327\" target=\"_blank\">Jornadas Blancas 2015<\/a><\/p>\n<p>Inscripciones desde la p\u00e1ginas web del <a href=\"http:\/\/www.diputoledo.es\/global\/categoria.php?id_area=21&amp;id_seg=119&amp;id_cat=327&amp;f=327\" target=\"_blank\">enlace<\/a>\u00a0o en la oficina de Deportes sita en el Pabell\u00f3n Polideportivo.<\/p>\n<p><img loading=\"lazy\" class=\"aligncenter wp-image-963 size-medium\" src=\"http:\/\/anoverdetajo.es\/deporte\/wp-content\/uploads\/2014\/11\/JornadasBlancas2015-300x195.jpg\" alt=\"\" width=\"300\" height=\"195\" srcset=\"http:\/\/anoverdetajo.es\/deporte\/wp-content\/uploads\/2014\/11\/JornadasBlancas2015-300x195.jpg 300w, http:\/\/anoverdetajo.es\/deporte\/wp-content\/uploads\/2014\/11\/JornadasBlancas2015.jpg 460w\" sizes=\"(max-width: 300px) 100vw, 300px\" \/><\/p>\n","protected":false},"excerpt":{"rendered":"<p>De la mano de la Diputaci\u00f3n de Toledo se ofertan unas jornadas de convivencia y pr\u00e1ctica del esqu\u00ed para ni\u00f1os y j\u00f3venes.\u00a0El plazo de inscripci\u00f3n finaliza el pr\u00f3ximo 9\u00a0de enero de 2015.<\/p>\n","protected":false},"author":2,"featured_media":519,"comment_status":"open","ping_status":"open","sticky":false,"template":"","format":"standard","meta":[],"categories":[1,107],"tags":[],"jetpack_featured_media_url":"http:\/\/anoverdetajo.es\/deporte\/wp-content\/uploads\/2014\/01\/JornadasBlancas.jpg","_links":{"self":[{"href":"http:\/\/anoverdetajo.es\/deporte\/wp-json\/wp\/v2\/posts\/960"}],"collection":[{"href":"http:\/\/anoverdetajo.es\/deporte\/wp-json\/wp\/v2\/posts"}],"about":[{"href":"http:\/\/anoverdetajo.es\/deporte\/wp-json\/wp\/v2\/types\/post"}],"author":[{"embeddable":true,"href":"http:\/\/anoverdetajo.es\/deporte\/wp-json\/wp\/v2\/users\/2"}],"replies":[{"embeddable":true,"href":"http:\/\/anoverdetajo.es\/deporte\/wp-json\/wp\/v2\/comments?post=960"}],"version-history":[{"count":0,"href":"http:\/\/anoverdetajo.es\/deporte\/wp-json\/wp\/v2\/posts\/960\/revisions"}],"wp:featuredmedia":[{"embeddable":true,"href":"http:\/\/anoverdetajo.es\/deporte\/wp-json\/wp\/v2\/media\/519"}],"wp:attachment":[{"href":"http:\/\/anoverdetajo.es\/deporte\/wp-json\/wp\/v2\/media?parent=960"}],"wp:term":[{"taxonomy":"category","embeddable":true,"href":"http:\/\/anoverdetajo.es\/deporte\/wp-json\/wp\/v2\/categories?post=960"},{"taxonomy":"post_tag","embeddable":true,"href":"http:\/\/anoverdetajo.es\/deporte\/wp-json\/wp\/v2\/tags?post=960"}],"curies":[{"name":"wp","href":"https:\/\/api.w.org\/{rel}","templated":true}]}}