{"id":73,"date":"2013-05-15T14:10:32","date_gmt":"2013-05-15T12:10:32","guid":{"rendered":"http:\/\/anoverdetajo.es\/deporte\/?p=73"},"modified":"2013-05-16T13:14:45","modified_gmt":"2013-05-16T11:14:45","slug":"campana-verano-deportivo-2013","status":"publish","type":"post","link":"http:\/\/anoverdetajo.es\/deporte\/campana-verano-deportivo-2013\/","title":{"rendered":"Campa\u00f1a Verano Deportivo 2013"},"content":{"rendered":"<p>El pr\u00f3ximo verano no habr\u00e1 excusas para dejar de hacer deporte. A partir del pr\u00f3ximo 31 de mayo damos salida al Programa Verano Deportivo 2013.<\/p>\n<p><!--more--><\/p>\n<p>Esta campa\u00f1a est\u00e1 compuesta por actividades para ni\u00f1os\/as como para adultos y j\u00f3venes.<\/p>\n<p>Los m\u00e1s j\u00f3venes entre 14 y 16 a\u00f1os dispondr\u00e1n de actividades\u00a0f\u00edsico-deportivas(baloncesto,\u00a0f\u00fatbol\u00a0sala, voleibol, tenis de mesa, etc.) en el pabell\u00f3n polideportivo en horario de 10:00 a 14:00 horas. Adem\u00e1s los m\u00e1s peque\u00f1os disponen de la Campa\u00f1a de Nataci\u00f3n 2013 cuyas inscripciones se podr\u00e1n formalizar a partir del 3 de junio.<\/p>\n<p>Los j\u00f3venes y adultos se les ofrece un amplio abanico de eventos deportivos distribuidos a lo largo de todo el verano como, voleibol mixto,\u00a0F\u00fatbol\u00a07, Voley Playa, Tenis de Mesa, Petanca, P\u00e1del y Baloncesto 3&#215;3. Adem\u00e1s se ofertar\u00e1 el cursillo de Aquaerobic en la piscina municipal para nacidos en 1996 y a\u00f1os anteriores, con comienzo a partir del mes de julio.<\/p>\n<p>Informaci\u00f3n e inscripciones en el pabell\u00f3n polideportivo de 8:00 a 15:00 horas, en el tel\u00e9fono 685956897 o en el correo electr\u00f3nico coordinador@anoverdetajo.es<\/p>\n<p><a class=\"downloadlink\" href=\"http:\/\/anoverdetajo.es\/deporte\/wp-content\/plugins\/download-monitor\/download.php?id=1\" title=\"\" target=\"_blank\">Cartel Verano Deportivo 2013<\/a><\/p>\n","protected":false},"excerpt":{"rendered":"<p>El pr\u00f3ximo verano no habr\u00e1 excusas para dejar de hacer deporte. A partir del pr\u00f3ximo 31 de mayo damos salida al Programa Verano Deportivo 2013.<\/p>\n","protected":false},"author":2,"featured_media":0,"comment_status":"open","ping_status":"open","sticky":false,"template":"","format":"standard","meta":[],"categories":[1],"tags":[16,15,14,13],"jetpack_featured_media_url":"","_links":{"self":[{"href":"http:\/\/anoverdetajo.es\/deporte\/wp-json\/wp\/v2\/posts\/73"}],"collection":[{"href":"http:\/\/anoverdetajo.es\/deporte\/wp-json\/wp\/v2\/posts"}],"about":[{"href":"http:\/\/anoverdetajo.es\/deporte\/wp-json\/wp\/v2\/types\/post"}],"author":[{"embeddable":true,"href":"http:\/\/anoverdetajo.es\/deporte\/wp-json\/wp\/v2\/users\/2"}],"replies":[{"embeddable":true,"href":"http:\/\/anoverdetajo.es\/deporte\/wp-json\/wp\/v2\/comments?post=73"}],"version-history":[{"count":0,"href":"http:\/\/anoverdetajo.es\/deporte\/wp-json\/wp\/v2\/posts\/73\/revisions"}],"wp:attachment":[{"href":"http:\/\/anoverdetajo.es\/deporte\/wp-json\/wp\/v2\/media?parent=73"}],"wp:term":[{"taxonomy":"category","embeddable":true,"href":"http:\/\/anoverdetajo.es\/deporte\/wp-json\/wp\/v2\/categories?post=73"},{"taxonomy":"post_tag","embeddable":true,"href":"http:\/\/anoverdetajo.es\/deporte\/wp-json\/wp\/v2\/tags?post=73"}],"curies":[{"name":"wp","href":"https:\/\/api.w.org\/{rel}","templated":true}]}}