{"id":4389,"date":"2026-04-20T14:39:13","date_gmt":"2026-04-20T12:39:13","guid":{"rendered":"http:\/\/anoverdetajo.es\/deporte\/?p=4389"},"modified":"2026-04-20T14:39:13","modified_gmt":"2026-04-20T12:39:13","slug":"dia-de-la-bici-2026","status":"publish","type":"post","link":"http:\/\/anoverdetajo.es\/deporte\/dia-de-la-bici-2026\/","title":{"rendered":"D\u00eda de la Bici 2026"},"content":{"rendered":"<p>Volvemos un a\u00f1o m\u00e1s con nuestro popular evento \u201cD\u00eda de la Bici 2026\u201d que tendr\u00e1 lugar el jueves 1 de mayo. Desde hoy mismo queda abierto el plazo de inscripci\u00f3n.<!--more--><span id=\"more-4311\"><\/span><\/p>\n<div>\n<p><strong>Fecha:<\/strong>\u00a01 de mayo, a las 10:30h.<br \/>\n<strong>Lugar:<\/strong>\u00a0Plaza Espa\u00f1a<br \/>\n<strong>Inscripciones: <a href=\"https:\/\/forms.gle\/eFomyky1WTwvHt2u8\">Aqui<\/a><\/strong><\/p>\n<ul>\n<li>Inscripciones hasta el 30 de abril a las 14:00 h.<\/li>\n<li>El ticket se podr\u00e1 recoger los d\u00edas 28, 29 y 30 de abril de 09:00 a 14:00 en el Polideportivo Municipal o el jueves 1 de mayo de 9:30 a 10:15 en el Centro C\u00edvico.<\/li>\n<li>La ruta finalizar\u00e1 en el PARQUE LAS SALINAS (JUNTO AL INSTITUTO) donde se entregar\u00e1 el refresco y bocata. Adem\u00e1s, las asociaciones locales ofrecer\u00e1n una degustaci\u00f3n culinaria.<\/li>\n<li><b>Sin previa inscripci\u00f3n y entregando el ticket al finalizar la ruta no se podr\u00e1 recoger el aperitivo.<\/b><\/li>\n<li><strong>No se realizar\u00e1n inscripciones el mismo d\u00eda del evento<\/strong>.<\/li>\n<li>Salida: 10:30 desde Plaza Espa\u00f1a<\/li>\n<\/ul>\n<p>No es necesario inscribirse para la participaci\u00f3n en el evento. La inscripci\u00f3n es para la obtenci\u00f3n del ticket y posterior entrega de refresco y bocata al finalizar la ruta.<\/p>\n<\/div>\n","protected":false},"excerpt":{"rendered":"<p>Volvemos un a\u00f1o m\u00e1s con nuestro popular evento \u201cD\u00eda de la Bici 2026\u201d que tendr\u00e1 lugar el jueves 1 de mayo. Desde hoy mismo queda abierto el plazo de inscripci\u00f3n.<\/p>\n","protected":false},"author":2,"featured_media":4391,"comment_status":"open","ping_status":"open","sticky":false,"template":"","format":"standard","meta":[],"categories":[1,107],"tags":[143,80,112,140],"jetpack_featured_media_url":"http:\/\/anoverdetajo.es\/deporte\/wp-content\/uploads\/2026\/04\/DIA-DE-LA-BICI-2026.png","_links":{"self":[{"href":"http:\/\/anoverdetajo.es\/deporte\/wp-json\/wp\/v2\/posts\/4389"}],"collection":[{"href":"http:\/\/anoverdetajo.es\/deporte\/wp-json\/wp\/v2\/posts"}],"about":[{"href":"http:\/\/anoverdetajo.es\/deporte\/wp-json\/wp\/v2\/types\/post"}],"author":[{"embeddable":true,"href":"http:\/\/anoverdetajo.es\/deporte\/wp-json\/wp\/v2\/users\/2"}],"replies":[{"embeddable":true,"href":"http:\/\/anoverdetajo.es\/deporte\/wp-json\/wp\/v2\/comments?post=4389"}],"version-history":[{"count":1,"href":"http:\/\/anoverdetajo.es\/deporte\/wp-json\/wp\/v2\/posts\/4389\/revisions"}],"predecessor-version":[{"id":4392,"href":"http:\/\/anoverdetajo.es\/deporte\/wp-json\/wp\/v2\/posts\/4389\/revisions\/4392"}],"wp:featuredmedia":[{"embeddable":true,"href":"http:\/\/anoverdetajo.es\/deporte\/wp-json\/wp\/v2\/media\/4391"}],"wp:attachment":[{"href":"http:\/\/anoverdetajo.es\/deporte\/wp-json\/wp\/v2\/media?parent=4389"}],"wp:term":[{"taxonomy":"category","embeddable":true,"href":"http:\/\/anoverdetajo.es\/deporte\/wp-json\/wp\/v2\/categories?post=4389"},{"taxonomy":"post_tag","embeddable":true,"href":"http:\/\/anoverdetajo.es\/deporte\/wp-json\/wp\/v2\/tags?post=4389"}],"curies":[{"name":"wp","href":"https:\/\/api.w.org\/{rel}","templated":true}]}}