{"id":4329,"date":"2025-05-29T11:51:54","date_gmt":"2025-05-29T09:51:54","guid":{"rendered":"http:\/\/anoverdetajo.es\/deporte\/?p=4329"},"modified":"2025-05-29T11:54:13","modified_gmt":"2025-05-29T09:54:13","slug":"iv-campus-tecnificacion-voleibol","status":"publish","type":"post","link":"http:\/\/anoverdetajo.es\/deporte\/iv-campus-tecnificacion-voleibol\/","title":{"rendered":"IV Campus Tecnificaci\u00f3n Voleibol"},"content":{"rendered":"<div class=\"entry clearfix\">\n<p>Est\u00e1 de vuelta el \u00abIV Campus de Tecnificaci\u00f3n Voleibol\u00bb de la mano del C.V. A\u00f1over de Tajo, en colaboraci\u00f3n con el Ayto. A\u00f1over de Tajo para promover el Voleibol en la localidad.<!--more--><\/p>\n<p>El campus est\u00e1 dirigido a ni\u00f1os\/as de 11 a 16 a\u00f1os (nacidos entre 2009 y 2014). Y se dividir\u00e1n en dos categor\u00edas: Alev\u00edn e Infantil\/Cadete.<\/p>\n<div class=\"entry clearfix\">\n<p>FECHAS Y HORARIOS:<\/p>\n<ul>\n<li>1\u00ba Semana (23\/06\/25 al 27\/06\/25).<\/li>\n<li>2\u00ba Semana (30\/06\/25 al 04\/07\/25).<\/li>\n<li>El horarios ser\u00e1 de 18:30 a 21:30 h.<\/li>\n<\/ul>\n<p>INSCRIPCIONES<\/p>\n<ul>\n<li>Del 29 de junio al 14 de julio<\/li>\n<li>La cuota de inscripci\u00f3n ser\u00e1 de 60 \u20ac una semana, 105 \u20ac dos semana y se abonar\u00e1 en efectivo.<\/li>\n<\/ul>\n<p>CONTACTO<\/p>\n<ul>\n<li>Laura \u2013 685 62 64 27<\/li>\n<\/ul>\n<\/div>\n<p>DOCUMENTACI\u00d3N<\/p>\n<p><a href=\"http:\/\/anoverdetajo.es\/deporte\/wp-content\/uploads\/2025\/05\/Hoja-de-inscripcion-2025-1.pdf\">Hoja de inscripci\u00f3n 2025<\/a><\/p>\n<\/div>\n","protected":false},"excerpt":{"rendered":"<p>Est\u00e1 de vuelta el \u00abIV Campus de Tecnificaci\u00f3n Voleibol\u00bb de la mano del C.V. A\u00f1over de Tajo, en colaboraci\u00f3n con el Ayto. A\u00f1over de Tajo para promover el Voleibol en la localidad.<\/p>\n","protected":false},"author":2,"featured_media":4331,"comment_status":"open","ping_status":"open","sticky":false,"template":"","format":"standard","meta":[],"categories":[1,107],"tags":[181,17],"jetpack_featured_media_url":"http:\/\/anoverdetajo.es\/deporte\/wp-content\/uploads\/2025\/05\/Cartel-IV-Campus-de-Voleibol-2025.png","_links":{"self":[{"href":"http:\/\/anoverdetajo.es\/deporte\/wp-json\/wp\/v2\/posts\/4329"}],"collection":[{"href":"http:\/\/anoverdetajo.es\/deporte\/wp-json\/wp\/v2\/posts"}],"about":[{"href":"http:\/\/anoverdetajo.es\/deporte\/wp-json\/wp\/v2\/types\/post"}],"author":[{"embeddable":true,"href":"http:\/\/anoverdetajo.es\/deporte\/wp-json\/wp\/v2\/users\/2"}],"replies":[{"embeddable":true,"href":"http:\/\/anoverdetajo.es\/deporte\/wp-json\/wp\/v2\/comments?post=4329"}],"version-history":[{"count":3,"href":"http:\/\/anoverdetajo.es\/deporte\/wp-json\/wp\/v2\/posts\/4329\/revisions"}],"predecessor-version":[{"id":4335,"href":"http:\/\/anoverdetajo.es\/deporte\/wp-json\/wp\/v2\/posts\/4329\/revisions\/4335"}],"wp:featuredmedia":[{"embeddable":true,"href":"http:\/\/anoverdetajo.es\/deporte\/wp-json\/wp\/v2\/media\/4331"}],"wp:attachment":[{"href":"http:\/\/anoverdetajo.es\/deporte\/wp-json\/wp\/v2\/media?parent=4329"}],"wp:term":[{"taxonomy":"category","embeddable":true,"href":"http:\/\/anoverdetajo.es\/deporte\/wp-json\/wp\/v2\/categories?post=4329"},{"taxonomy":"post_tag","embeddable":true,"href":"http:\/\/anoverdetajo.es\/deporte\/wp-json\/wp\/v2\/tags?post=4329"}],"curies":[{"name":"wp","href":"https:\/\/api.w.org\/{rel}","templated":true}]}}