{"id":4222,"date":"2024-06-06T11:38:50","date_gmt":"2024-06-06T09:38:50","guid":{"rendered":"http:\/\/anoverdetajo.es\/deporte\/?p=4222"},"modified":"2024-06-24T10:21:46","modified_gmt":"2024-06-24T08:21:46","slug":"vii-campus-de-futbol-base","status":"publish","type":"post","link":"http:\/\/anoverdetajo.es\/deporte\/vii-campus-de-futbol-base\/","title":{"rendered":"VII Campus de F\u00fatbol Base"},"content":{"rendered":"<p>Organizado por el F.C. A\u00f1over con la colaboraci\u00f3n del Ayuntamiento de A\u00f1over de Tajo se abre el plazo de inscripci\u00f3n para \u00abVII Campus de F\u00fatbol Base F.C. A\u00f1over\u00bb<!--more--><\/p>\n<h3>Fechas y horarios<\/h3>\n<p>Este Campus se desarrollar\u00e1 de lunes a viernes de 09:00 a 14:00h y contar\u00e1 con 2 turnos:<\/p>\n<ul>\n<li>Turno 1: Del 1 al 5 de julio.<\/li>\n<li>Turno 2: Del 8 al 12 de julio.<\/li>\n<\/ul>\n<p>Posibilidad de asistir a dos.<\/p>\n<h3>Edad<\/h3>\n<p>El campus est\u00e1 dirigido a ni\u00f1os\/as de 8 a 14 a\u00f1os (nacidos entre 2015 y 2011). Los grupos se dividir\u00e1n en categor\u00edas.<\/p>\n<h3>Equipamiento y material<\/h3>\n<p>Los participantes del Campus recibir\u00e1n un Kit de Bienvenida. Adem\u00e1s, durante el Campus dispondr\u00e1n de almuerzo diario, hidrataci\u00f3n durante la pr\u00e1ctica, acceso a la piscina municipal y diploma de participaci\u00f3n.<\/p>\n<h3>El ni\u00f1o traer\u00e1<\/h3>\n<p>Toalla para piscina , ba\u00f1ador, chanclas, protecci\u00f3n solar, calzado deportivo (para la pista del polideportivo), botas de f\u00fatbol (para el c\u00e9sped del campo de f\u00fatbol).<\/p>\n<h3>Descarga de informaci\u00f3n:<\/h3>\n<p><a href=\"http:\/\/anoverdetajo.es\/deporte\/wp-content\/uploads\/2024\/06\/Inscripcion-e-informacion-2024-3.pdf\">Inscripci\u00f3n e informaci\u00f3n 2024<\/a><\/p>\n<p><a href=\"http:\/\/anoverdetajo.es\/deporte\/wp-content\/uploads\/2024\/06\/Campus-FUTBOL-2.png\"><img loading=\"lazy\" class=\"aligncenter size-medium wp-image-4253\" src=\"http:\/\/anoverdetajo.es\/deporte\/wp-content\/uploads\/2024\/06\/Campus-FUTBOL-2-212x300.png\" alt=\"\" width=\"212\" height=\"300\" srcset=\"http:\/\/anoverdetajo.es\/deporte\/wp-content\/uploads\/2024\/06\/Campus-FUTBOL-2-212x300.png 212w, http:\/\/anoverdetajo.es\/deporte\/wp-content\/uploads\/2024\/06\/Campus-FUTBOL-2-724x1024.png 724w, http:\/\/anoverdetajo.es\/deporte\/wp-content\/uploads\/2024\/06\/Campus-FUTBOL-2-768x1086.png 768w, http:\/\/anoverdetajo.es\/deporte\/wp-content\/uploads\/2024\/06\/Campus-FUTBOL-2-1086x1536.png 1086w, http:\/\/anoverdetajo.es\/deporte\/wp-content\/uploads\/2024\/06\/Campus-FUTBOL-2-1448x2048.png 1448w\" sizes=\"(max-width: 212px) 100vw, 212px\" \/><\/a><\/p>\n<p>&nbsp;<\/p>\n<p>&nbsp;<\/p>\n","protected":false},"excerpt":{"rendered":"<p>Organizado por el F.C. A\u00f1over con la colaboraci\u00f3n del Ayuntamiento de A\u00f1over de Tajo se abre el plazo de inscripci\u00f3n para \u00abVII Campus de F\u00fatbol Base F.C. A\u00f1over\u00bb<\/p>\n","protected":false},"author":2,"featured_media":4253,"comment_status":"open","ping_status":"open","sticky":false,"template":"","format":"standard","meta":[],"categories":[1,107],"tags":[143,335,181,62,45,316],"jetpack_featured_media_url":"http:\/\/anoverdetajo.es\/deporte\/wp-content\/uploads\/2024\/06\/Campus-FUTBOL-2.png","_links":{"self":[{"href":"http:\/\/anoverdetajo.es\/deporte\/wp-json\/wp\/v2\/posts\/4222"}],"collection":[{"href":"http:\/\/anoverdetajo.es\/deporte\/wp-json\/wp\/v2\/posts"}],"about":[{"href":"http:\/\/anoverdetajo.es\/deporte\/wp-json\/wp\/v2\/types\/post"}],"author":[{"embeddable":true,"href":"http:\/\/anoverdetajo.es\/deporte\/wp-json\/wp\/v2\/users\/2"}],"replies":[{"embeddable":true,"href":"http:\/\/anoverdetajo.es\/deporte\/wp-json\/wp\/v2\/comments?post=4222"}],"version-history":[{"count":6,"href":"http:\/\/anoverdetajo.es\/deporte\/wp-json\/wp\/v2\/posts\/4222\/revisions"}],"predecessor-version":[{"id":4255,"href":"http:\/\/anoverdetajo.es\/deporte\/wp-json\/wp\/v2\/posts\/4222\/revisions\/4255"}],"wp:featuredmedia":[{"embeddable":true,"href":"http:\/\/anoverdetajo.es\/deporte\/wp-json\/wp\/v2\/media\/4253"}],"wp:attachment":[{"href":"http:\/\/anoverdetajo.es\/deporte\/wp-json\/wp\/v2\/media?parent=4222"}],"wp:term":[{"taxonomy":"category","embeddable":true,"href":"http:\/\/anoverdetajo.es\/deporte\/wp-json\/wp\/v2\/categories?post=4222"},{"taxonomy":"post_tag","embeddable":true,"href":"http:\/\/anoverdetajo.es\/deporte\/wp-json\/wp\/v2\/tags?post=4222"}],"curies":[{"name":"wp","href":"https:\/\/api.w.org\/{rel}","templated":true}]}}