{"id":4099,"date":"2023-07-31T14:17:48","date_gmt":"2023-07-31T12:17:48","guid":{"rendered":"http:\/\/anoverdetajo.es\/deporte\/?p=4099"},"modified":"2024-08-01T14:20:17","modified_gmt":"2024-08-01T12:20:17","slug":"programa-deportivo-municipal-2023-24","status":"publish","type":"post","link":"http:\/\/anoverdetajo.es\/deporte\/programa-deportivo-municipal-2023-24\/","title":{"rendered":"PROGRAMA DEPORTIVO MUNICIPAL 2023\/24"},"content":{"rendered":"<p>\u00a1Ya est\u00e1 abierto el plazo de inscripciones para el Programa Deportivo Municipal 2023\/24!<!--more--><\/p>\n<p>Las solicitudes se presentar\u00e1n en el Pabell\u00f3n Polideportivo Municipal desde el 01 de agosto al 8 de septiembre de 2023 hasta las 14:00 o enviando la solicitud de inscripci\u00f3n rellena al correo coordinador@anoverdetajo.es.<\/p>\n<p>Los usuarios que tengan disponibles las claves para el acceso online, podr\u00e1n hacer la inscripci\u00f3n mediante este m\u00e9todo en el siguiente enlace.\u00a0<a href=\"http:\/\/anoverdetajo.es\/deporte\/gestion-on-line\/\" target=\"_blank\" rel=\"noopener\">http:\/\/anoverdetajo.es\/deporte\/gestion-on-line\/<\/a><\/p>\n<p>Si no dispone de ellas, puede solicitarlas en el correo: coordinador@anoverdetajo.es.<\/p>\n<p>Los plazos de publicaci\u00f3n de listado y comienzo de actividades ser\u00e1n los siguientes:<\/p>\n<ul>\n<li>Inscripciones: Del 01 de agosto al 8 de septiembre.<\/li>\n<li>Listados provisionales: 11 de septiembre.<\/li>\n<li>Plazo de reclamaciones: 13 y 14 de septiembre.<\/li>\n<li>Comienzo actividades: A partir del 18 de septiembre<\/li>\n<\/ul>\n<p><strong>DESCARGAR LA INFORMACI\u00d3N:<\/strong><\/p>\n<p><a href=\"http:\/\/anoverdetajo.es\/deporte\/wp-content\/uploads\/2023\/07\/Programa-Actividades-Deportivas-2023_24.pdf\" target=\"_blank\" rel=\"noopener\">Programa Actividades Deportivas 2023_24<\/a><\/p>\n<p>&nbsp;<\/p>\n<p><a href=\"http:\/\/anoverdetajo.es\/deporte\/wp-content\/uploads\/2023\/07\/Portada-Programa-Deportes.png\"><img loading=\"lazy\" class=\"aligncenter size-medium wp-image-4104\" src=\"http:\/\/anoverdetajo.es\/deporte\/wp-content\/uploads\/2023\/07\/Portada-Programa-Deportes-212x300.png\" alt=\"\" width=\"212\" height=\"300\" srcset=\"http:\/\/anoverdetajo.es\/deporte\/wp-content\/uploads\/2023\/07\/Portada-Programa-Deportes-212x300.png 212w, http:\/\/anoverdetajo.es\/deporte\/wp-content\/uploads\/2023\/07\/Portada-Programa-Deportes-724x1024.png 724w, http:\/\/anoverdetajo.es\/deporte\/wp-content\/uploads\/2023\/07\/Portada-Programa-Deportes-768x1086.png 768w, http:\/\/anoverdetajo.es\/deporte\/wp-content\/uploads\/2023\/07\/Portada-Programa-Deportes-1086x1536.png 1086w, http:\/\/anoverdetajo.es\/deporte\/wp-content\/uploads\/2023\/07\/Portada-Programa-Deportes-1448x2048.png 1448w\" sizes=\"(max-width: 212px) 100vw, 212px\" \/><\/a><\/p>\n<p>&nbsp;<\/p>\n","protected":false},"excerpt":{"rendered":"<p>\u00a1Ya est\u00e1 abierto el plazo de inscripciones para el Programa Deportivo Municipal 2023\/24!<\/p>\n","protected":false},"author":2,"featured_media":4104,"comment_status":"open","ping_status":"open","sticky":false,"template":"","format":"standard","meta":[],"categories":[1,107],"tags":[],"jetpack_featured_media_url":"http:\/\/anoverdetajo.es\/deporte\/wp-content\/uploads\/2023\/07\/Portada-Programa-Deportes.png","_links":{"self":[{"href":"http:\/\/anoverdetajo.es\/deporte\/wp-json\/wp\/v2\/posts\/4099"}],"collection":[{"href":"http:\/\/anoverdetajo.es\/deporte\/wp-json\/wp\/v2\/posts"}],"about":[{"href":"http:\/\/anoverdetajo.es\/deporte\/wp-json\/wp\/v2\/types\/post"}],"author":[{"embeddable":true,"href":"http:\/\/anoverdetajo.es\/deporte\/wp-json\/wp\/v2\/users\/2"}],"replies":[{"embeddable":true,"href":"http:\/\/anoverdetajo.es\/deporte\/wp-json\/wp\/v2\/comments?post=4099"}],"version-history":[{"count":3,"href":"http:\/\/anoverdetajo.es\/deporte\/wp-json\/wp\/v2\/posts\/4099\/revisions"}],"predecessor-version":[{"id":4106,"href":"http:\/\/anoverdetajo.es\/deporte\/wp-json\/wp\/v2\/posts\/4099\/revisions\/4106"}],"wp:featuredmedia":[{"embeddable":true,"href":"http:\/\/anoverdetajo.es\/deporte\/wp-json\/wp\/v2\/media\/4104"}],"wp:attachment":[{"href":"http:\/\/anoverdetajo.es\/deporte\/wp-json\/wp\/v2\/media?parent=4099"}],"wp:term":[{"taxonomy":"category","embeddable":true,"href":"http:\/\/anoverdetajo.es\/deporte\/wp-json\/wp\/v2\/categories?post=4099"},{"taxonomy":"post_tag","embeddable":true,"href":"http:\/\/anoverdetajo.es\/deporte\/wp-json\/wp\/v2\/tags?post=4099"}],"curies":[{"name":"wp","href":"https:\/\/api.w.org\/{rel}","templated":true}]}}