{"id":401,"date":"2013-10-17T11:43:21","date_gmt":"2013-10-17T09:43:21","guid":{"rendered":"http:\/\/anoverdetajo.es\/deporte\/?p=401"},"modified":"2013-10-23T09:59:45","modified_gmt":"2013-10-23T07:59:45","slug":"presentacion-de-la-escuela-de-futbol","status":"publish","type":"post","link":"http:\/\/anoverdetajo.es\/deporte\/presentacion-de-la-escuela-de-futbol\/","title":{"rendered":"Fotos: Presentaci\u00f3n de la Escuela de F\u00fatbol"},"content":{"rendered":"<p style=\"text-align: justify;\">Descubre las fotos de los equipos de la Escuela Municipal de F\u00fatbol que el pasado s\u00e1bado 19 de octubre hicieron su presentaci\u00f3n a lo largo de la ma\u00f1ana del s\u00e1bado.<\/p>\n<p><!--more--><\/p>\n<p><b><span style=\"text-decoration: underline;\">Fotos, 19 de octubre de 2013<\/span><\/b><\/p>\n<p style=\"text-align: center;\"><a href=\"http:\/\/anoverdetajo.es\/deporte\/wp-content\/uploads\/2013\/10\/Escuela-de-Futbol1.jpg\"><img loading=\"lazy\" class=\"aligncenter size-medium wp-image-407\" title=\"Click para ampliar\" alt=\"Escuela de F\u00fatbol 2013-2014\" src=\"http:\/\/anoverdetajo.es\/deporte\/wp-content\/uploads\/2013\/10\/Escuela-de-Futbol1-300x199.jpg\" width=\"300\" height=\"199\" srcset=\"http:\/\/anoverdetajo.es\/deporte\/wp-content\/uploads\/2013\/10\/Escuela-de-Futbol1-300x199.jpg 300w, http:\/\/anoverdetajo.es\/deporte\/wp-content\/uploads\/2013\/10\/Escuela-de-Futbol1.jpg 722w\" sizes=\"(max-width: 300px) 100vw, 300px\" \/><\/a><\/p>\n<p style=\"text-align: center;\"><a href=\"http:\/\/anoverdetajo.es\/deporte\/wp-content\/uploads\/2013\/10\/Cadetes1.jpg\"><img loading=\"lazy\" class=\"aligncenter size-medium wp-image-408\" title=\"Click para ampliar\" alt=\"Cadetes\" src=\"http:\/\/anoverdetajo.es\/deporte\/wp-content\/uploads\/2013\/10\/Cadetes1-300x199.jpg\" width=\"300\" height=\"199\" srcset=\"http:\/\/anoverdetajo.es\/deporte\/wp-content\/uploads\/2013\/10\/Cadetes1-300x199.jpg 300w, http:\/\/anoverdetajo.es\/deporte\/wp-content\/uploads\/2013\/10\/Cadetes1.jpg 722w\" sizes=\"(max-width: 300px) 100vw, 300px\" \/><\/a><\/p>\n<p style=\"text-align: center;\"><a href=\"http:\/\/anoverdetajo.es\/deporte\/wp-content\/uploads\/2013\/10\/Infantiles1.jpg\"><img loading=\"lazy\" class=\"aligncenter size-medium wp-image-413\" title=\"Click para ampliar\" alt=\"Infantil\" src=\"http:\/\/anoverdetajo.es\/deporte\/wp-content\/uploads\/2013\/10\/Infantiles1-300x199.jpg\" width=\"300\" height=\"199\" srcset=\"http:\/\/anoverdetajo.es\/deporte\/wp-content\/uploads\/2013\/10\/Infantiles1-300x199.jpg 300w, http:\/\/anoverdetajo.es\/deporte\/wp-content\/uploads\/2013\/10\/Infantiles1.jpg 722w\" sizes=\"(max-width: 300px) 100vw, 300px\" \/><\/a><\/p>\n<p style=\"text-align: center;\"><a href=\"http:\/\/anoverdetajo.es\/deporte\/wp-content\/uploads\/2013\/10\/Alevin-A1.jpg\"><img loading=\"lazy\" class=\"aligncenter size-medium wp-image-409\" title=\"Click para ampliar\" alt=\"Alevin A\" src=\"http:\/\/anoverdetajo.es\/deporte\/wp-content\/uploads\/2013\/10\/Alevin-A1-300x199.jpg\" width=\"300\" height=\"199\" srcset=\"http:\/\/anoverdetajo.es\/deporte\/wp-content\/uploads\/2013\/10\/Alevin-A1-300x199.jpg 300w, http:\/\/anoverdetajo.es\/deporte\/wp-content\/uploads\/2013\/10\/Alevin-A1.jpg 722w\" sizes=\"(max-width: 300px) 100vw, 300px\" \/><\/a><\/p>\n<p style=\"text-align: center;\"><a href=\"http:\/\/anoverdetajo.es\/deporte\/wp-content\/uploads\/2013\/10\/Alevin-B1.jpg\"><img loading=\"lazy\" class=\"aligncenter size-medium wp-image-410\" title=\"Click para ampliar\" alt=\"Alevin B\" src=\"http:\/\/anoverdetajo.es\/deporte\/wp-content\/uploads\/2013\/10\/Alevin-B1-300x199.jpg\" width=\"300\" height=\"199\" srcset=\"http:\/\/anoverdetajo.es\/deporte\/wp-content\/uploads\/2013\/10\/Alevin-B1-300x199.jpg 300w, http:\/\/anoverdetajo.es\/deporte\/wp-content\/uploads\/2013\/10\/Alevin-B1.jpg 722w\" sizes=\"(max-width: 300px) 100vw, 300px\" \/><\/a><\/p>\n<p style=\"text-align: center;\"><a href=\"http:\/\/anoverdetajo.es\/deporte\/wp-content\/uploads\/2013\/10\/Benjamin1.jpg\"><img loading=\"lazy\" class=\"aligncenter size-medium wp-image-411\" title=\"Click para ampliar\" alt=\"Benjamin\" src=\"http:\/\/anoverdetajo.es\/deporte\/wp-content\/uploads\/2013\/10\/Benjamin1-300x199.jpg\" width=\"300\" height=\"199\" srcset=\"http:\/\/anoverdetajo.es\/deporte\/wp-content\/uploads\/2013\/10\/Benjamin1-300x199.jpg 300w, http:\/\/anoverdetajo.es\/deporte\/wp-content\/uploads\/2013\/10\/Benjamin1.jpg 722w\" sizes=\"(max-width: 300px) 100vw, 300px\" \/><\/a><\/p>\n<p style=\"text-align: center;\"><a href=\"http:\/\/anoverdetajo.es\/deporte\/wp-content\/uploads\/2013\/10\/Prebenjamin1.jpg\"><img loading=\"lazy\" class=\"aligncenter size-medium wp-image-412\" title=\"Click para ampliar\" alt=\"Prebenjamin\" src=\"http:\/\/anoverdetajo.es\/deporte\/wp-content\/uploads\/2013\/10\/Prebenjamin1-300x199.jpg\" width=\"300\" height=\"199\" srcset=\"http:\/\/anoverdetajo.es\/deporte\/wp-content\/uploads\/2013\/10\/Prebenjamin1-300x199.jpg 300w, http:\/\/anoverdetajo.es\/deporte\/wp-content\/uploads\/2013\/10\/Prebenjamin1.jpg 722w\" sizes=\"(max-width: 300px) 100vw, 300px\" \/><\/a><\/p>\n<p style=\"text-align: center;\"><a href=\"http:\/\/anoverdetajo.es\/deporte\/wp-content\/uploads\/2013\/10\/Chupetin1.jpg\"><img loading=\"lazy\" class=\"aligncenter size-medium wp-image-414\" title=\"Click para ampliar\" alt=\"Chupetin\" src=\"http:\/\/anoverdetajo.es\/deporte\/wp-content\/uploads\/2013\/10\/Chupetin1-300x199.jpg\" width=\"300\" height=\"199\" srcset=\"http:\/\/anoverdetajo.es\/deporte\/wp-content\/uploads\/2013\/10\/Chupetin1-300x199.jpg 300w, http:\/\/anoverdetajo.es\/deporte\/wp-content\/uploads\/2013\/10\/Chupetin1.jpg 722w\" sizes=\"(max-width: 300px) 100vw, 300px\" \/><\/a><\/p>\n<p>&nbsp;<\/p>\n","protected":false},"excerpt":{"rendered":"<p>Descubre las fotos de los equipos de la Escuela Municipal de F\u00fatbol que el pasado s\u00e1bado 19 de octubre hicieron su presentaci\u00f3n a lo largo de la ma\u00f1ana del s\u00e1bado.<\/p>\n","protected":false},"author":2,"featured_media":0,"comment_status":"open","ping_status":"open","sticky":false,"template":"","format":"standard","meta":[],"categories":[1],"tags":[53,45,29],"jetpack_featured_media_url":"","_links":{"self":[{"href":"http:\/\/anoverdetajo.es\/deporte\/wp-json\/wp\/v2\/posts\/401"}],"collection":[{"href":"http:\/\/anoverdetajo.es\/deporte\/wp-json\/wp\/v2\/posts"}],"about":[{"href":"http:\/\/anoverdetajo.es\/deporte\/wp-json\/wp\/v2\/types\/post"}],"author":[{"embeddable":true,"href":"http:\/\/anoverdetajo.es\/deporte\/wp-json\/wp\/v2\/users\/2"}],"replies":[{"embeddable":true,"href":"http:\/\/anoverdetajo.es\/deporte\/wp-json\/wp\/v2\/comments?post=401"}],"version-history":[{"count":0,"href":"http:\/\/anoverdetajo.es\/deporte\/wp-json\/wp\/v2\/posts\/401\/revisions"}],"wp:attachment":[{"href":"http:\/\/anoverdetajo.es\/deporte\/wp-json\/wp\/v2\/media?parent=401"}],"wp:term":[{"taxonomy":"category","embeddable":true,"href":"http:\/\/anoverdetajo.es\/deporte\/wp-json\/wp\/v2\/categories?post=401"},{"taxonomy":"post_tag","embeddable":true,"href":"http:\/\/anoverdetajo.es\/deporte\/wp-json\/wp\/v2\/tags?post=401"}],"curies":[{"name":"wp","href":"https:\/\/api.w.org\/{rel}","templated":true}]}}