{"id":3848,"date":"2021-09-30T14:54:09","date_gmt":"2021-09-30T12:54:09","guid":{"rendered":"http:\/\/anoverdetajo.es\/deporte\/?p=3848"},"modified":"2021-09-30T14:54:09","modified_gmt":"2021-09-30T12:54:09","slug":"comienzo-actividades-deportivas-municipales-de-adultos","status":"publish","type":"post","link":"http:\/\/anoverdetajo.es\/deporte\/comienzo-actividades-deportivas-municipales-de-adultos\/","title":{"rendered":"Comienzo Actividades Deportivas Municipales de Adultos"},"content":{"rendered":"<p>Desde el Servicio Municipal de Deportes les comunicamos que las Actividades Deportivas Municipales Adultos dar\u00e1n comienzo a la pr\u00f3xima semana.<!--more--><\/p>\n<p>A partir del pr\u00f3ximo lunes d\u00eda 4\/10 arrancamos con mucha ilusi\u00f3n despu\u00e9s de tanto tiempo de inactividad.<\/p>\n<p>Aqu\u00ed podr\u00e1n ver los listados de todas las actividades, d\u00edas y horas de comienzo:<\/p>\n<p><a href=\"http:\/\/anoverdetajo.es\/deporte\/wp-content\/uploads\/2021\/09\/Listado-Provisional-Adultos.pdf\" target=\"_blank\" rel=\"noopener\">Listado Provisional Adultos<\/a><\/p>\n<p>&nbsp;<\/p>\n","protected":false},"excerpt":{"rendered":"<p>Desde el Servicio Municipal de Deportes les comunicamos que las Actividades Deportivas Municipales Adultos dar\u00e1n comienzo a la pr\u00f3xima semana.<\/p>\n","protected":false},"author":2,"featured_media":1659,"comment_status":"open","ping_status":"open","sticky":false,"template":"","format":"standard","meta":[],"categories":[1,107],"tags":[126,136,143,62],"jetpack_featured_media_url":"http:\/\/anoverdetajo.es\/deporte\/wp-content\/uploads\/2015\/12\/calendario-navidad.jpg","_links":{"self":[{"href":"http:\/\/anoverdetajo.es\/deporte\/wp-json\/wp\/v2\/posts\/3848"}],"collection":[{"href":"http:\/\/anoverdetajo.es\/deporte\/wp-json\/wp\/v2\/posts"}],"about":[{"href":"http:\/\/anoverdetajo.es\/deporte\/wp-json\/wp\/v2\/types\/post"}],"author":[{"embeddable":true,"href":"http:\/\/anoverdetajo.es\/deporte\/wp-json\/wp\/v2\/users\/2"}],"replies":[{"embeddable":true,"href":"http:\/\/anoverdetajo.es\/deporte\/wp-json\/wp\/v2\/comments?post=3848"}],"version-history":[{"count":2,"href":"http:\/\/anoverdetajo.es\/deporte\/wp-json\/wp\/v2\/posts\/3848\/revisions"}],"predecessor-version":[{"id":3852,"href":"http:\/\/anoverdetajo.es\/deporte\/wp-json\/wp\/v2\/posts\/3848\/revisions\/3852"}],"wp:featuredmedia":[{"embeddable":true,"href":"http:\/\/anoverdetajo.es\/deporte\/wp-json\/wp\/v2\/media\/1659"}],"wp:attachment":[{"href":"http:\/\/anoverdetajo.es\/deporte\/wp-json\/wp\/v2\/media?parent=3848"}],"wp:term":[{"taxonomy":"category","embeddable":true,"href":"http:\/\/anoverdetajo.es\/deporte\/wp-json\/wp\/v2\/categories?post=3848"},{"taxonomy":"post_tag","embeddable":true,"href":"http:\/\/anoverdetajo.es\/deporte\/wp-json\/wp\/v2\/tags?post=3848"}],"curies":[{"name":"wp","href":"https:\/\/api.w.org\/{rel}","templated":true}]}}