{"id":3841,"date":"2021-09-09T14:45:51","date_gmt":"2021-09-09T12:45:51","guid":{"rendered":"http:\/\/anoverdetajo.es\/deporte\/?p=3841"},"modified":"2021-09-09T14:45:51","modified_gmt":"2021-09-09T12:45:51","slug":"comienzo-actividades-deportivas-municipales-infantiles","status":"publish","type":"post","link":"http:\/\/anoverdetajo.es\/deporte\/comienzo-actividades-deportivas-municipales-infantiles\/","title":{"rendered":"Comienzo Actividades Deportivas Municipales Infantiles"},"content":{"rendered":"<p>&nbsp;<\/p>\n<p>Desde el Servicio Municipal de Deportes les comunicamos que las Actividades Deportivas Municipales Infantiles dar\u00e1n comienzo a la pr\u00f3xima semana.<\/p>\n<p><!--more--><\/p>\n<p>A partir del pr\u00f3ximo lunes d\u00eda 13 arrancar\u00e1 la Escuela Deportiva Municipal 2021\/22.<\/p>\n<p>Aqu\u00ed podr\u00e1n ver los listados de todas las actividades, d\u00edas y horas de comienzo:<\/p>\n<p><a href=\"http:\/\/anoverdetajo.es\/deporte\/wp-content\/uploads\/2021\/09\/Actividades-Deportivas-Infantiles.pdf\" target=\"_blank\" rel=\"noopener\">Actividades Deportivas Infantiles<\/a><\/p>\n<p>Las actividades de adultos dar\u00e1n comienzo a partir del 1 de octubre.<\/p>\n","protected":false},"excerpt":{"rendered":"<p>&nbsp; Desde el Servicio Municipal de Deportes les comunicamos que las Actividades Deportivas Municipales Infantiles dar\u00e1n comienzo a la pr\u00f3xima semana.<\/p>\n","protected":false},"author":2,"featured_media":1659,"comment_status":"open","ping_status":"open","sticky":false,"template":"","format":"standard","meta":[],"categories":[1,107],"tags":[126,143,62,135],"jetpack_featured_media_url":"http:\/\/anoverdetajo.es\/deporte\/wp-content\/uploads\/2015\/12\/calendario-navidad.jpg","_links":{"self":[{"href":"http:\/\/anoverdetajo.es\/deporte\/wp-json\/wp\/v2\/posts\/3841"}],"collection":[{"href":"http:\/\/anoverdetajo.es\/deporte\/wp-json\/wp\/v2\/posts"}],"about":[{"href":"http:\/\/anoverdetajo.es\/deporte\/wp-json\/wp\/v2\/types\/post"}],"author":[{"embeddable":true,"href":"http:\/\/anoverdetajo.es\/deporte\/wp-json\/wp\/v2\/users\/2"}],"replies":[{"embeddable":true,"href":"http:\/\/anoverdetajo.es\/deporte\/wp-json\/wp\/v2\/comments?post=3841"}],"version-history":[{"count":3,"href":"http:\/\/anoverdetajo.es\/deporte\/wp-json\/wp\/v2\/posts\/3841\/revisions"}],"predecessor-version":[{"id":3846,"href":"http:\/\/anoverdetajo.es\/deporte\/wp-json\/wp\/v2\/posts\/3841\/revisions\/3846"}],"wp:featuredmedia":[{"embeddable":true,"href":"http:\/\/anoverdetajo.es\/deporte\/wp-json\/wp\/v2\/media\/1659"}],"wp:attachment":[{"href":"http:\/\/anoverdetajo.es\/deporte\/wp-json\/wp\/v2\/media?parent=3841"}],"wp:term":[{"taxonomy":"category","embeddable":true,"href":"http:\/\/anoverdetajo.es\/deporte\/wp-json\/wp\/v2\/categories?post=3841"},{"taxonomy":"post_tag","embeddable":true,"href":"http:\/\/anoverdetajo.es\/deporte\/wp-json\/wp\/v2\/tags?post=3841"}],"curies":[{"name":"wp","href":"https:\/\/api.w.org\/{rel}","templated":true}]}}