{"id":3823,"date":"2021-07-19T13:41:08","date_gmt":"2021-07-19T11:41:08","guid":{"rendered":"http:\/\/anoverdetajo.es\/deporte\/?p=3823"},"modified":"2021-07-20T11:28:54","modified_gmt":"2021-07-20T09:28:54","slug":"programa-deportivo-infantil-municipal-2021-22","status":"publish","type":"post","link":"http:\/\/anoverdetajo.es\/deporte\/programa-deportivo-infantil-municipal-2021-22\/","title":{"rendered":"Programa Deportivo Infantil Municipal 2021-22"},"content":{"rendered":"<p>Se informa de la apertura del plazo de inscripci\u00f3n para las Actividades Deportivas Infantiles Municipales desde el 19 de julio al 31 de agosto.<!--more--><\/p>\n<p>Ya est\u00e1 disponible el Programa de Actividades Deportivas Infantiles para la pr\u00f3xima temporada. Las solicitudes\u00a0 se presentar\u00e1n en el registro del Pabell\u00f3n Polideportivo Municipal\u00a0 desde el 19 de julio al 31 de agosto de 2021 hasta las 14:00.<\/p>\n<p>Los usuarios que tengan disponibles las claves para el acceso online, podr\u00e1n hacer la inscripci\u00f3n mediante este m\u00e9todo en el siguiente enlace. <a href=\"http:\/\/anoverdetajo.es\/deporte\/gestion-on-line\/\" target=\"_blank\" rel=\"noopener\">http:\/\/anoverdetajo.es\/deporte\/gestion-on-line\/<\/a><\/p>\n<p>Si no dispone de ellas, puede solicitarlas en el correo: coordinador@anoverdetajo.es<\/p>\n<p>&nbsp;<\/p>\n<p><strong>DESCARGAR LA INFORMACI\u00d3N:<\/strong><\/p>\n<p><a href=\"http:\/\/anoverdetajo.es\/deporte\/wp-content\/uploads\/2021\/07\/Programa_Actividades_Deportivas_2021_22Editable.pdf\" target=\"_blank\" rel=\"noopener\">Programa_Actividades_Deportivas_2021_22(Editable)<\/a><\/p>\n<p><a href=\"http:\/\/anoverdetajo.es\/deporte\/wp-content\/uploads\/2021\/07\/Cartel-Programa-21-22.png\"><img loading=\"lazy\" class=\"aligncenter size-medium wp-image-3826\" src=\"http:\/\/anoverdetajo.es\/deporte\/wp-content\/uploads\/2021\/07\/Cartel-Programa-21-22-212x300.png\" alt=\"\" width=\"212\" height=\"300\" srcset=\"http:\/\/anoverdetajo.es\/deporte\/wp-content\/uploads\/2021\/07\/Cartel-Programa-21-22-212x300.png 212w, http:\/\/anoverdetajo.es\/deporte\/wp-content\/uploads\/2021\/07\/Cartel-Programa-21-22-724x1024.png 724w, http:\/\/anoverdetajo.es\/deporte\/wp-content\/uploads\/2021\/07\/Cartel-Programa-21-22-768x1086.png 768w, http:\/\/anoverdetajo.es\/deporte\/wp-content\/uploads\/2021\/07\/Cartel-Programa-21-22-1086x1536.png 1086w, http:\/\/anoverdetajo.es\/deporte\/wp-content\/uploads\/2021\/07\/Cartel-Programa-21-22-1448x2048.png 1448w, http:\/\/anoverdetajo.es\/deporte\/wp-content\/uploads\/2021\/07\/Cartel-Programa-21-22.png 1754w\" sizes=\"(max-width: 212px) 100vw, 212px\" \/><\/a><\/p>\n<p>&nbsp;<\/p>\n","protected":false},"excerpt":{"rendered":"<p>Se informa de la apertura del plazo de inscripci\u00f3n para las Actividades Deportivas Infantiles Municipales desde el 19 de julio al 31 de agosto.<\/p>\n","protected":false},"author":2,"featured_media":3826,"comment_status":"open","ping_status":"open","sticky":false,"template":"","format":"standard","meta":[],"categories":[1,107],"tags":[62,320,312],"jetpack_featured_media_url":"http:\/\/anoverdetajo.es\/deporte\/wp-content\/uploads\/2021\/07\/Cartel-Programa-21-22.png","_links":{"self":[{"href":"http:\/\/anoverdetajo.es\/deporte\/wp-json\/wp\/v2\/posts\/3823"}],"collection":[{"href":"http:\/\/anoverdetajo.es\/deporte\/wp-json\/wp\/v2\/posts"}],"about":[{"href":"http:\/\/anoverdetajo.es\/deporte\/wp-json\/wp\/v2\/types\/post"}],"author":[{"embeddable":true,"href":"http:\/\/anoverdetajo.es\/deporte\/wp-json\/wp\/v2\/users\/2"}],"replies":[{"embeddable":true,"href":"http:\/\/anoverdetajo.es\/deporte\/wp-json\/wp\/v2\/comments?post=3823"}],"version-history":[{"count":5,"href":"http:\/\/anoverdetajo.es\/deporte\/wp-json\/wp\/v2\/posts\/3823\/revisions"}],"predecessor-version":[{"id":3832,"href":"http:\/\/anoverdetajo.es\/deporte\/wp-json\/wp\/v2\/posts\/3823\/revisions\/3832"}],"wp:featuredmedia":[{"embeddable":true,"href":"http:\/\/anoverdetajo.es\/deporte\/wp-json\/wp\/v2\/media\/3826"}],"wp:attachment":[{"href":"http:\/\/anoverdetajo.es\/deporte\/wp-json\/wp\/v2\/media?parent=3823"}],"wp:term":[{"taxonomy":"category","embeddable":true,"href":"http:\/\/anoverdetajo.es\/deporte\/wp-json\/wp\/v2\/categories?post=3823"},{"taxonomy":"post_tag","embeddable":true,"href":"http:\/\/anoverdetajo.es\/deporte\/wp-json\/wp\/v2\/tags?post=3823"}],"curies":[{"name":"wp","href":"https:\/\/api.w.org\/{rel}","templated":true}]}}