{"id":3802,"date":"2021-07-05T13:47:00","date_gmt":"2021-07-05T11:47:00","guid":{"rendered":"http:\/\/anoverdetajo.es\/deporte\/?p=3802"},"modified":"2021-07-13T13:07:17","modified_gmt":"2021-07-13T11:07:17","slug":"este-lunes-5-de-julio-la-piscina-%f0%9f%8f%8a%f0%9f%8f%bb%e2%80%8d%e2%99%80%ef%b8%8f-municipal-abre-sus-puertas","status":"publish","type":"post","link":"http:\/\/anoverdetajo.es\/deporte\/este-lunes-5-de-julio-la-piscina-%f0%9f%8f%8a%f0%9f%8f%bb%e2%80%8d%e2%99%80%ef%b8%8f-municipal-abre-sus-puertas\/","title":{"rendered":"Este lunes 5 de Julio la piscina &#x1f3ca;&#x1f3fb;&#x200d;&#x2640;&#xfe0f; municipal abre sus puertas"},"content":{"rendered":"<div class=\"o9v6fnle cxmmr5t8 oygrvhab hcukyx3x c1et5uql ii04i59q\">\n<div dir=\"auto\">Por motivos de seguridad y prevenci\u00f3n contra la expansi\u00f3n del COVID-19\u00a0contaremos con aforo m\u00e1ximo permitido tanto en el c\u00e9sped, como en el n\u00famero de ba\u00f1istas en cada vaso (grande y peque\u00f1o).<\/div>\n<\/div>\n<p><!--more--><\/p>\n<div class=\"o9v6fnle cxmmr5t8 oygrvhab hcukyx3x c1et5uql ii04i59q\">\n<div dir=\"auto\">Con motivo del aforo m\u00e1ximo y vista la gran aceptaci\u00f3n por parte de los vecinos de A\u00f1over que tiene la piscina, tendremos dos sesiones (MA\u00d1ANA de 12:00h a 16:00h o TARDE de 17:00 a 21:00h) para dotar de una mayor rotaci\u00f3n y posibilidad de disfrute a todos los vecinos de A\u00f1over.<\/div>\n<\/div>\n<p><!--more--><\/p>\n<div class=\"o9v6fnle cxmmr5t8 oygrvhab hcukyx3x c1et5uql ii04i59q\">\n<div dir=\"auto\">Se puede adquirir la entrada GRATUITA, hasta completar aforo, para el lunes 5 en la siguiente direcci\u00f3n:<\/div>\n<div dir=\"auto\"><a class=\"oajrlxb2 g5ia77u1 qu0x051f esr5mh6w e9989ue4 r7d6kgcz rq0escxv nhd2j8a9 nc684nl6 p7hjln8o kvgmc6g5 cxmmr5t8 oygrvhab hcukyx3x jb3vyjys rz4wbd8a qt6c0cv9 a8nywdso i1ao9s8h esuyzwwr f1sip0of lzcic4wl py34i1dx gpro0wi8\" tabindex=\"0\" role=\"link\" href=\"https:\/\/bandoticket.com\/es\/organizers\/ayto-de-anover-de-tajo?fbclid=IwAR2bfTxhDGzarRIZMgMchW64bGqvXd8OUySrVrvKarqvaaCE3Tf1i79m4b4\" target=\"_blank\" rel=\"nofollow noopener\">https:\/\/bandoticket.com\/es\/organizers\/ayto-de-anover-de-tajo<\/a><\/div>\n<\/div>\n<p><!--more--><\/p>\n<div dir=\"auto\"><\/div>\n<div class=\"o9v6fnle cxmmr5t8 oygrvhab hcukyx3x c1et5uql ii04i59q\">\n<div dir=\"auto\">La venta de entradas y abonos para el resto de la temporada se podr\u00e1n adquirir en: <a class=\"oajrlxb2 g5ia77u1 qu0x051f esr5mh6w e9989ue4 r7d6kgcz rq0escxv nhd2j8a9 nc684nl6 p7hjln8o kvgmc6g5 cxmmr5t8 oygrvhab hcukyx3x jb3vyjys rz4wbd8a qt6c0cv9 a8nywdso i1ao9s8h esuyzwwr f1sip0of lzcic4wl py34i1dx gpro0wi8\" tabindex=\"0\" role=\"link\" href=\"https:\/\/bandoticket.com\/es\/organizers\/ayto-de-anover-de-tajo?fbclid=IwAR2ux0kfHbIz6ypITI2ryZpYsDvPDpnhDZm8AoXF1DHLKO2N55SAEteh0U8\" target=\"_blank\" rel=\"nofollow noopener\">https:\/\/bandoticket.com\/es\/organizers\/ayto-de-anover-de-tajo<\/a> el pr\u00f3ximo martes 6 de Julio a partir de las 9:00h de forma on-line.<\/div>\n<\/div>\n<p><!--more--><\/p>\n<div dir=\"auto\"><\/div>\n<div class=\"o9v6fnle cxmmr5t8 oygrvhab hcukyx3x c1et5uql ii04i59q\">\n<div dir=\"auto\">Este a\u00f1o la piscina se abre con medidas especiales debido al COVID-19, rogamos comprensi\u00f3n y un buen uso de la instalaci\u00f3n.<\/div>\n<div dir=\"auto\"><\/div>\n<div dir=\"auto\"><a href=\"http:\/\/anoverdetajo.es\/deporte\/wp-content\/uploads\/2021\/07\/Cartel-apertura-2021.png\" target=\"_blank\" rel=\"noopener\"><img loading=\"lazy\" class=\"aligncenter wp-image-3804 size-medium\" src=\"http:\/\/anoverdetajo.es\/deporte\/wp-content\/uploads\/2021\/07\/Cartel-apertura-2021-212x300.png\" alt=\"\" width=\"212\" height=\"300\" srcset=\"http:\/\/anoverdetajo.es\/deporte\/wp-content\/uploads\/2021\/07\/Cartel-apertura-2021-212x300.png 212w, http:\/\/anoverdetajo.es\/deporte\/wp-content\/uploads\/2021\/07\/Cartel-apertura-2021-724x1024.png 724w, http:\/\/anoverdetajo.es\/deporte\/wp-content\/uploads\/2021\/07\/Cartel-apertura-2021-768x1086.png 768w, http:\/\/anoverdetajo.es\/deporte\/wp-content\/uploads\/2021\/07\/Cartel-apertura-2021-1086x1536.png 1086w, http:\/\/anoverdetajo.es\/deporte\/wp-content\/uploads\/2021\/07\/Cartel-apertura-2021.png 1240w\" sizes=\"(max-width: 212px) 100vw, 212px\" \/><\/a><\/div>\n<div dir=\"auto\"><\/div>\n<\/div>\n<p><!--more--><\/p>\n<p><!--more--><\/p>\n<p><!--more--><\/p>\n<p><!--more--><\/p>\n<p><!--more--><\/p>\n","protected":false},"excerpt":{"rendered":"<p>Por motivos de seguridad y prevenci\u00f3n contra la expansi\u00f3n del COVID-19\u00a0contaremos con aforo m\u00e1ximo permitido tanto en el c\u00e9sped, como en el n\u00famero de ba\u00f1istas en cada vaso (grande y peque\u00f1o).<\/p>\n","protected":false},"author":2,"featured_media":3804,"comment_status":"open","ping_status":"open","sticky":false,"template":"","format":"standard","meta":[],"categories":[1,107],"tags":[317,143,3],"jetpack_featured_media_url":"http:\/\/anoverdetajo.es\/deporte\/wp-content\/uploads\/2021\/07\/Cartel-apertura-2021.png","_links":{"self":[{"href":"http:\/\/anoverdetajo.es\/deporte\/wp-json\/wp\/v2\/posts\/3802"}],"collection":[{"href":"http:\/\/anoverdetajo.es\/deporte\/wp-json\/wp\/v2\/posts"}],"about":[{"href":"http:\/\/anoverdetajo.es\/deporte\/wp-json\/wp\/v2\/types\/post"}],"author":[{"embeddable":true,"href":"http:\/\/anoverdetajo.es\/deporte\/wp-json\/wp\/v2\/users\/2"}],"replies":[{"embeddable":true,"href":"http:\/\/anoverdetajo.es\/deporte\/wp-json\/wp\/v2\/comments?post=3802"}],"version-history":[{"count":11,"href":"http:\/\/anoverdetajo.es\/deporte\/wp-json\/wp\/v2\/posts\/3802\/revisions"}],"predecessor-version":[{"id":3813,"href":"http:\/\/anoverdetajo.es\/deporte\/wp-json\/wp\/v2\/posts\/3802\/revisions\/3813"}],"wp:featuredmedia":[{"embeddable":true,"href":"http:\/\/anoverdetajo.es\/deporte\/wp-json\/wp\/v2\/media\/3804"}],"wp:attachment":[{"href":"http:\/\/anoverdetajo.es\/deporte\/wp-json\/wp\/v2\/media?parent=3802"}],"wp:term":[{"taxonomy":"category","embeddable":true,"href":"http:\/\/anoverdetajo.es\/deporte\/wp-json\/wp\/v2\/categories?post=3802"},{"taxonomy":"post_tag","embeddable":true,"href":"http:\/\/anoverdetajo.es\/deporte\/wp-json\/wp\/v2\/tags?post=3802"}],"curies":[{"name":"wp","href":"https:\/\/api.w.org\/{rel}","templated":true}]}}