{"id":3782,"date":"2021-06-17T10:21:30","date_gmt":"2021-06-17T08:21:30","guid":{"rendered":"http:\/\/anoverdetajo.es\/deporte\/?p=3782"},"modified":"2021-06-17T10:29:37","modified_gmt":"2021-06-17T08:29:37","slug":"v-campus-de-futbol-base","status":"publish","type":"post","link":"http:\/\/anoverdetajo.es\/deporte\/v-campus-de-futbol-base\/","title":{"rendered":"V Campus de F\u00fatbol Base"},"content":{"rendered":"<p>Organizado por el F.C. A\u00f1over con la colaboraci\u00f3n del Ayuntamiento se abre el plazo de inscripci\u00f3n para \u00abV Campus de F\u00fatbol Base F.C. A\u00f1over\u00bb.<!--more--><span id=\"more-3086\"><\/span><\/p>\n<h3>Fechas y horarios<\/h3>\n<p>Este Campus se desarrollar\u00e1 de lunes a viernes de 09:00 a 14:00h y contar\u00e1 con 4 turnos:<\/p>\n<ul>\n<li>Pre benjam\u00edn: Del 05\/07 al 09\/07 (2013\/2014)<\/li>\n<li>Benjam\u00edn: Del 12\/07 al 16\/07 (2011\/2012)<\/li>\n<li>Alev\u00edn: Del 19\/07 al 23\/07 (2009\/2010)<\/li>\n<li>Infantil: Del 26\/07 al 30\/07 (2007\/2008)<\/li>\n<\/ul>\n<h3>Edad<\/h3>\n<p>El campus est\u00e1 dirigido a ni\u00f1os\/as de 6 a 13 a\u00f1os (nacidos entre 2007-2014). Los grupos se dividir\u00e1n en categor\u00edas.<\/p>\n<h3>Equipaci\u00f3n y material<\/h3>\n<p>Los participantes del Campus recibir\u00e1n un Kit de Bienvenida que constar\u00e1 de dos camisetas y dos pantalones de entrenamiento. Adem\u00e1s, durante el Campus dispondr\u00e1n de almuerzo diario, hidrataci\u00f3n durante la pr\u00e1ctica, acceso a la piscina municipal y diploma de participaci\u00f3n.<\/p>\n<h3>El ni\u00f1o traer\u00e1<\/h3>\n<p>Toalla para piscina , ba\u00f1ador, chanclas, protecci\u00f3n solar, calzado deportivo (para la pista del polideportivo), botas de f\u00fatbol (para el c\u00e9sped del campo de f\u00fatbol) y una mascarilla de recambio.<\/p>\n<h3>Descarga de informaci\u00f3n:<\/h3>\n<p><a href=\"http:\/\/anoverdetajo.es\/deporte\/wp-content\/uploads\/2021\/06\/Normativa-e-informacion-2021.pdf\" target=\"_blank\" rel=\"noopener\">Normativa e informaci\u00f3n 2021<\/a><\/p>\n<p><a href=\"http:\/\/anoverdetajo.es\/deporte\/wp-content\/uploads\/2021\/06\/Hoja-de-inscripcion-2021.pdf\" target=\"_blank\" rel=\"noopener\">Hoja de inscripci\u00f3n 2021<\/a><\/p>\n<p>&nbsp;<\/p>\n<p><a href=\"http:\/\/anoverdetajo.es\/deporte\/wp-content\/uploads\/2021\/06\/Cartel-Campus-FCA-2021.png\"><img loading=\"lazy\" class=\"aligncenter size-medium wp-image-3786\" src=\"http:\/\/anoverdetajo.es\/deporte\/wp-content\/uploads\/2021\/06\/Cartel-Campus-FCA-2021-212x300.png\" alt=\"\" width=\"212\" height=\"300\" srcset=\"http:\/\/anoverdetajo.es\/deporte\/wp-content\/uploads\/2021\/06\/Cartel-Campus-FCA-2021-212x300.png 212w, http:\/\/anoverdetajo.es\/deporte\/wp-content\/uploads\/2021\/06\/Cartel-Campus-FCA-2021-724x1024.png 724w, http:\/\/anoverdetajo.es\/deporte\/wp-content\/uploads\/2021\/06\/Cartel-Campus-FCA-2021-768x1086.png 768w, http:\/\/anoverdetajo.es\/deporte\/wp-content\/uploads\/2021\/06\/Cartel-Campus-FCA-2021-1086x1536.png 1086w, http:\/\/anoverdetajo.es\/deporte\/wp-content\/uploads\/2021\/06\/Cartel-Campus-FCA-2021-1448x2048.png 1448w, http:\/\/anoverdetajo.es\/deporte\/wp-content\/uploads\/2021\/06\/Cartel-Campus-FCA-2021.png 1754w\" sizes=\"(max-width: 212px) 100vw, 212px\" \/><\/a><\/p>\n<p>&nbsp;<\/p>\n<p>&nbsp;<\/p>\n","protected":false},"excerpt":{"rendered":"<p>Organizado por el F.C. A\u00f1over con la colaboraci\u00f3n del Ayuntamiento se abre el plazo de inscripci\u00f3n para \u00abV Campus de F\u00fatbol Base F.C. A\u00f1over\u00bb.<\/p>\n","protected":false},"author":2,"featured_media":3786,"comment_status":"open","ping_status":"open","sticky":false,"template":"","format":"standard","meta":[],"categories":[1,107],"tags":[16,181,210,45],"jetpack_featured_media_url":"http:\/\/anoverdetajo.es\/deporte\/wp-content\/uploads\/2021\/06\/Cartel-Campus-FCA-2021.png","_links":{"self":[{"href":"http:\/\/anoverdetajo.es\/deporte\/wp-json\/wp\/v2\/posts\/3782"}],"collection":[{"href":"http:\/\/anoverdetajo.es\/deporte\/wp-json\/wp\/v2\/posts"}],"about":[{"href":"http:\/\/anoverdetajo.es\/deporte\/wp-json\/wp\/v2\/types\/post"}],"author":[{"embeddable":true,"href":"http:\/\/anoverdetajo.es\/deporte\/wp-json\/wp\/v2\/users\/2"}],"replies":[{"embeddable":true,"href":"http:\/\/anoverdetajo.es\/deporte\/wp-json\/wp\/v2\/comments?post=3782"}],"version-history":[{"count":3,"href":"http:\/\/anoverdetajo.es\/deporte\/wp-json\/wp\/v2\/posts\/3782\/revisions"}],"predecessor-version":[{"id":3789,"href":"http:\/\/anoverdetajo.es\/deporte\/wp-json\/wp\/v2\/posts\/3782\/revisions\/3789"}],"wp:featuredmedia":[{"embeddable":true,"href":"http:\/\/anoverdetajo.es\/deporte\/wp-json\/wp\/v2\/media\/3786"}],"wp:attachment":[{"href":"http:\/\/anoverdetajo.es\/deporte\/wp-json\/wp\/v2\/media?parent=3782"}],"wp:term":[{"taxonomy":"category","embeddable":true,"href":"http:\/\/anoverdetajo.es\/deporte\/wp-json\/wp\/v2\/categories?post=3782"},{"taxonomy":"post_tag","embeddable":true,"href":"http:\/\/anoverdetajo.es\/deporte\/wp-json\/wp\/v2\/tags?post=3782"}],"curies":[{"name":"wp","href":"https:\/\/api.w.org\/{rel}","templated":true}]}}