{"id":3766,"date":"2021-03-16T13:37:16","date_gmt":"2021-03-16T12:37:16","guid":{"rendered":"http:\/\/anoverdetajo.es\/deporte\/?p=3766"},"modified":"2021-03-16T14:36:00","modified_gmt":"2021-03-16T13:36:00","slug":"reapertura-escuelas-deportivas-infantiles","status":"publish","type":"post","link":"http:\/\/anoverdetajo.es\/deporte\/reapertura-escuelas-deportivas-infantiles\/","title":{"rendered":"Reapertura Escuelas Deportivas Infantiles"},"content":{"rendered":"<p>Desde el Servicio Municipal de Deportes les comunicamos la puesta en marcha de las Actividades Deportivas Infantiles (Gimnasia R\u00edtmica, Voleibol, Karate y F\u00fatbol).<!--more--><\/p>\n<p>Las clases se reanudar\u00e1n a partir del d\u00eda <strong>29 de marzo<\/strong> en su horario programado previamente.<\/p>\n<p>Se tendr\u00e1n en cuenta las inscripciones previas que se realizaron en el periodo habilitado para ello.<\/p>\n<p>Habilitaremos un plazo para solicitar la baja en la actividad a todo aquel que ya no est\u00e9 interesado, del <strong>16 al 26 de marzo<\/strong>, ambos inclusive. Podr\u00e1 solicitarse en el correo electr\u00f3nico <strong>coordinador@anoverdetajo.es\u00a0<\/strong>aportando los datos del usuario y la actividad en la que estaba inscrito.<\/p>\n<p>Para poder realizar una pr\u00e1ctica segura, hemos elaborado un Protocolo de Prevenci\u00f3n que facilitaremos a los usuarios y se deber\u00e1 cumplirse para un mejor funcionamiento.<\/p>\n<p>&nbsp;<\/p>\n","protected":false},"excerpt":{"rendered":"<p>Desde el Servicio Municipal de Deportes les comunicamos la puesta en marcha de las Actividades Deportivas Infantiles (Gimnasia R\u00edtmica, Voleibol, Karate y F\u00fatbol).<\/p>\n","protected":false},"author":2,"featured_media":3744,"comment_status":"open","ping_status":"open","sticky":false,"template":"","format":"standard","meta":[],"categories":[1,107],"tags":[62,45,196,37,313,17],"jetpack_featured_media_url":"http:\/\/anoverdetajo.es\/deporte\/wp-content\/uploads\/2020\/08\/Portada.png","_links":{"self":[{"href":"http:\/\/anoverdetajo.es\/deporte\/wp-json\/wp\/v2\/posts\/3766"}],"collection":[{"href":"http:\/\/anoverdetajo.es\/deporte\/wp-json\/wp\/v2\/posts"}],"about":[{"href":"http:\/\/anoverdetajo.es\/deporte\/wp-json\/wp\/v2\/types\/post"}],"author":[{"embeddable":true,"href":"http:\/\/anoverdetajo.es\/deporte\/wp-json\/wp\/v2\/users\/2"}],"replies":[{"embeddable":true,"href":"http:\/\/anoverdetajo.es\/deporte\/wp-json\/wp\/v2\/comments?post=3766"}],"version-history":[{"count":5,"href":"http:\/\/anoverdetajo.es\/deporte\/wp-json\/wp\/v2\/posts\/3766\/revisions"}],"predecessor-version":[{"id":3772,"href":"http:\/\/anoverdetajo.es\/deporte\/wp-json\/wp\/v2\/posts\/3766\/revisions\/3772"}],"wp:featuredmedia":[{"embeddable":true,"href":"http:\/\/anoverdetajo.es\/deporte\/wp-json\/wp\/v2\/media\/3744"}],"wp:attachment":[{"href":"http:\/\/anoverdetajo.es\/deporte\/wp-json\/wp\/v2\/media?parent=3766"}],"wp:term":[{"taxonomy":"category","embeddable":true,"href":"http:\/\/anoverdetajo.es\/deporte\/wp-json\/wp\/v2\/categories?post=3766"},{"taxonomy":"post_tag","embeddable":true,"href":"http:\/\/anoverdetajo.es\/deporte\/wp-json\/wp\/v2\/tags?post=3766"}],"curies":[{"name":"wp","href":"https:\/\/api.w.org\/{rel}","templated":true}]}}