{"id":3235,"date":"2020-03-13T17:15:27","date_gmt":"2020-03-13T16:15:27","guid":{"rendered":"http:\/\/anoverdetajo.es\/deporte\/?p=3235"},"modified":"2020-03-13T17:16:55","modified_gmt":"2020-03-13T16:16:55","slug":"medidas-excepcionales-sanitarias-covid-19","status":"publish","type":"post","link":"http:\/\/anoverdetajo.es\/deporte\/medidas-excepcionales-sanitarias-covid-19\/","title":{"rendered":"Medidas excepcionales sanitarias COVID-19"},"content":{"rendered":"<p>El Ayuntamiento de A\u00f1over de Tajo tomar\u00e1 las siguientes medidas como precauci\u00f3n por la emergencia sanitaria del COVID-19.<\/p>\n<p><!--more--><\/p>\n<p>Desde el Servicio Municipal de Deportes les informamos del estado de nuestra sutuaci\u00f3n tras los acontecimientos ocurridos recientemente.<\/p>\n<p>Se suspenden las todas Actividades Deportivas Municipales tanto de adultos como infantiles, as\u00ed como el alquiler de cualquier Centro Deportivo Municipal hasta nueva comunicaci\u00f3n de la Autoridad competente.<\/p>\n<p>Aqu\u00ed les dejamos la Resoluci\u00f3n de Alcald\u00eda:<\/p>\n<ul>\n<li><a class=\"download-link\" title=\"\" href=\"http:\/\/anoverdetajo.es\/deporte\/download\/3677\/\" rel=\"nofollow\">\n\tResoluci\u00f3n de Alcald\u00eda - Covid-19\t(198 descargas)\n<\/a><\/li>\n<\/ul>\n","protected":false},"excerpt":{"rendered":"<p>El Ayuntamiento de A\u00f1over de Tajo tomar\u00e1 las siguientes medidas como precauci\u00f3n por la emergencia sanitaria del COVID-19.<\/p>\n","protected":false},"author":2,"featured_media":3238,"comment_status":"open","ping_status":"open","sticky":false,"template":"","format":"standard","meta":[],"categories":[1,107],"tags":[309,308,307],"jetpack_featured_media_url":"http:\/\/anoverdetajo.es\/deporte\/wp-content\/uploads\/2020\/03\/THU_CORONAVIRUS_GRAPHIC_SITE_THUMB_230120.jpg","_links":{"self":[{"href":"http:\/\/anoverdetajo.es\/deporte\/wp-json\/wp\/v2\/posts\/3235"}],"collection":[{"href":"http:\/\/anoverdetajo.es\/deporte\/wp-json\/wp\/v2\/posts"}],"about":[{"href":"http:\/\/anoverdetajo.es\/deporte\/wp-json\/wp\/v2\/types\/post"}],"author":[{"embeddable":true,"href":"http:\/\/anoverdetajo.es\/deporte\/wp-json\/wp\/v2\/users\/2"}],"replies":[{"embeddable":true,"href":"http:\/\/anoverdetajo.es\/deporte\/wp-json\/wp\/v2\/comments?post=3235"}],"version-history":[{"count":5,"href":"http:\/\/anoverdetajo.es\/deporte\/wp-json\/wp\/v2\/posts\/3235\/revisions"}],"predecessor-version":[{"id":3241,"href":"http:\/\/anoverdetajo.es\/deporte\/wp-json\/wp\/v2\/posts\/3235\/revisions\/3241"}],"wp:featuredmedia":[{"embeddable":true,"href":"http:\/\/anoverdetajo.es\/deporte\/wp-json\/wp\/v2\/media\/3238"}],"wp:attachment":[{"href":"http:\/\/anoverdetajo.es\/deporte\/wp-json\/wp\/v2\/media?parent=3235"}],"wp:term":[{"taxonomy":"category","embeddable":true,"href":"http:\/\/anoverdetajo.es\/deporte\/wp-json\/wp\/v2\/categories?post=3235"},{"taxonomy":"post_tag","embeddable":true,"href":"http:\/\/anoverdetajo.es\/deporte\/wp-json\/wp\/v2\/tags?post=3235"}],"curies":[{"name":"wp","href":"https:\/\/api.w.org\/{rel}","templated":true}]}}