{"id":323,"date":"2014-09-01T08:15:09","date_gmt":"2014-09-01T06:15:09","guid":{"rendered":"http:\/\/anoverdetajo.es\/deporte\/?p=323"},"modified":"2014-09-02T19:42:56","modified_gmt":"2014-09-02T17:42:56","slug":"escuelas-deportivas-municipales-2014-15","status":"publish","type":"post","link":"http:\/\/anoverdetajo.es\/deporte\/escuelas-deportivas-municipales-2014-15\/","title":{"rendered":"Escuelas Deportivas Municipales 2014-15"},"content":{"rendered":"<p>Se informa de la apertura del plazo de inscripci\u00f3n para Escuelas Deportivas Municipales y Actividades Deportivas para Adultos a partir del pr\u00f3ximo 1\u00a0de septiembre de 2014<\/p>\n<p><!--more--><\/p>\n<p>Abierto el plazo de inscripci\u00f3n en las Escuelas Deportivas Municipales para el curso 2014\/15<\/p>\n<p>El polideportivo municipal acoge actualmente el periodo de inscripci\u00f3n en las Escuelas Deportivas de invierno, las cuales se pondr\u00e1n en marcha oficialmente a partir del 1 de octubre.<\/p>\n<p>La Concejal\u00eda de Deportes oferta a los ciudadanos numerosas plazas para la pr\u00e1ctica del deporte en disciplinas tanto infantiles como el f\u00fatbol, baloncesto, voleibol, \u00a0f\u00fatbol sala, judo, tenis de mesa, gimnasia r\u00edtmica, peque-deporte, como para adultos como pilates, aerobic, mantenimiento f\u00edsico, gimnasia para la tercera edad, zumba o GAP.<\/p>\n<p><a href=\"http:\/\/anoverdetajo.es\/deporte\/wp-content\/uploads\/2014\/09\/Cartel_Escuela_Deportivas_2014-2015.jpg\"><img loading=\"lazy\" class=\"aligncenter wp-image-902 size-medium\" title=\"Click para ampliar\" src=\"http:\/\/anoverdetajo.es\/deporte\/wp-content\/uploads\/2014\/09\/Cartel_Escuela_Deportivas_2014-2015-212x300.jpg\" alt=\"Escuelas Deportivas Municipales 2014-2015\" width=\"212\" height=\"300\" srcset=\"http:\/\/anoverdetajo.es\/deporte\/wp-content\/uploads\/2014\/09\/Cartel_Escuela_Deportivas_2014-2015-212x300.jpg 212w, http:\/\/anoverdetajo.es\/deporte\/wp-content\/uploads\/2014\/09\/Cartel_Escuela_Deportivas_2014-2015-723x1024.jpg 723w, http:\/\/anoverdetajo.es\/deporte\/wp-content\/uploads\/2014\/09\/Cartel_Escuela_Deportivas_2014-2015.jpg 842w\" sizes=\"(max-width: 212px) 100vw, 212px\" \/><\/a><\/p>\n<p>Puede consultar el horario de cada disciplina en el folleto informativo que se adjunta bajo esta noticia. Para m\u00e1s informaci\u00f3n:<\/p>\n<p><span style=\"text-decoration: underline;\">Oficina de Informaci\u00f3n del polideportivo:<\/span><\/p>\n<ul>\n<li>Horario: de lunes a viernes, de 8\u00a0a 14 horas.<\/li>\n<li>Tel\u00e9fono: 925 506 064.<\/li>\n<li>Correo electr\u00f3nico:\u00a0coordinador@anoverdetajo.es<\/li>\n<\/ul>\n<p><span style=\"text-decoration: underline;\">FECHAS DE INTER\u00c9S:<\/span><\/p>\n<ul>\n<li>Plazo de inscripci\u00f3n: del 1\u00a0al 24 de septiembre en el polideportivo municipal.<\/li>\n<li>Publicaci\u00f3n de admitidos: 26 de septiembre<\/li>\n<li>Plazo de reclamaciones y devoluciones: del 29-sep\u00a0al 5-oct en el polideportivo.<\/li>\n<li>Comienzo de clases: a partir del 1 de octubre en adelante.<\/li>\n<li>Fin de las clases: 31 de mayo de 2015.<\/li>\n<\/ul>\n<p><span style=\"text-decoration: underline;\">DESCARGAR LA INFORMACI\u00d3N:<\/span><\/p>\n<ul>\n<li><strong><\/strong><\/li>\n<li><strong><\/strong><\/li>\n<\/ul>\n<p>&nbsp;<\/p>\n<p><a href=\"https:\/\/docs.google.com\/forms\/d\/1DchdHDHW2iWLnqgj293FYQ3HaddqpRpnz66wAffJ6R0\/viewform?embedded=true&quot; width=&quot;760&quot; height=&quot;500&quot; frameborder=&quot;0&quot; marginheight=&quot;0&quot; marginwidth=&quot;0&quot;&gt;Cargando...&lt;\/iframe&gt;\" target=\"_blank\"><img loading=\"lazy\" class=\"aligncenter wp-image-882 size-medium\" src=\"http:\/\/anoverdetajo.es\/deporte\/wp-content\/uploads\/2013\/08\/PRE-INSCRIPCI\u00d3N-ONLINE-300x168.jpg\" alt=\"PRE-INSCRIPCI\u00d3N ONLINE\" width=\"300\" height=\"168\" \/><\/a><\/p>\n<p>&nbsp;<\/p>\n<p>&nbsp;<\/p>\n<p>&nbsp;<\/p>\n","protected":false},"excerpt":{"rendered":"<p>Se informa de la apertura del plazo de inscripci\u00f3n para Escuelas Deportivas Municipales y Actividades Deportivas para Adultos a partir del pr\u00f3ximo 1\u00a0de septiembre de 2014<\/p>\n","protected":false},"author":2,"featured_media":892,"comment_status":"open","ping_status":"open","sticky":false,"template":"","format":"standard","meta":[],"categories":[1],"tags":[43,49,48,44,41,45,51,46,47,52,42,22,50,17],"jetpack_featured_media_url":"http:\/\/anoverdetajo.es\/deporte\/wp-content\/uploads\/2014\/09\/image_3737.png","_links":{"self":[{"href":"http:\/\/anoverdetajo.es\/deporte\/wp-json\/wp\/v2\/posts\/323"}],"collection":[{"href":"http:\/\/anoverdetajo.es\/deporte\/wp-json\/wp\/v2\/posts"}],"about":[{"href":"http:\/\/anoverdetajo.es\/deporte\/wp-json\/wp\/v2\/types\/post"}],"author":[{"embeddable":true,"href":"http:\/\/anoverdetajo.es\/deporte\/wp-json\/wp\/v2\/users\/2"}],"replies":[{"embeddable":true,"href":"http:\/\/anoverdetajo.es\/deporte\/wp-json\/wp\/v2\/comments?post=323"}],"version-history":[{"count":0,"href":"http:\/\/anoverdetajo.es\/deporte\/wp-json\/wp\/v2\/posts\/323\/revisions"}],"wp:featuredmedia":[{"embeddable":true,"href":"http:\/\/anoverdetajo.es\/deporte\/wp-json\/wp\/v2\/media\/892"}],"wp:attachment":[{"href":"http:\/\/anoverdetajo.es\/deporte\/wp-json\/wp\/v2\/media?parent=323"}],"wp:term":[{"taxonomy":"category","embeddable":true,"href":"http:\/\/anoverdetajo.es\/deporte\/wp-json\/wp\/v2\/categories?post=323"},{"taxonomy":"post_tag","embeddable":true,"href":"http:\/\/anoverdetajo.es\/deporte\/wp-json\/wp\/v2\/tags?post=323"}],"curies":[{"name":"wp","href":"https:\/\/api.w.org\/{rel}","templated":true}]}}