{"id":3215,"date":"2020-02-19T10:02:46","date_gmt":"2020-02-19T09:02:46","guid":{"rendered":"http:\/\/anoverdetajo.es\/deporte\/?p=3215"},"modified":"2020-02-19T10:02:46","modified_gmt":"2020-02-19T09:02:46","slug":"taller-de-autodefensa-para-mujeres-3","status":"publish","type":"post","link":"http:\/\/anoverdetajo.es\/deporte\/taller-de-autodefensa-para-mujeres-3\/","title":{"rendered":"Taller de autodefensa para mujeres"},"content":{"rendered":"<p>El pr\u00f3ximo 8 de marzo\u00a0desde las 10:00h en el Polideportivo Municipal\u00a0se celebrar\u00e1 un taller de Defensa Personal con motivo de la celebraci\u00f3n del D\u00eda Internacional de la Mujer.<!--more--><\/p>\n<p>El taller ser\u00e1 impartido por el Maestro de Karate, Tai-Jitsu y King-Boxing\u00a0D. F\u00e9lix Vara Ugena, del C.D. Takayama.\u00a0Ser\u00e1 un taller gratuito para todos los asistentes y no ser\u00e1 preciso inscripci\u00f3n previa.<\/p>\n<p>&nbsp;<\/p>\n<p><a href=\"http:\/\/anoverdetajo.es\/deporte\/wp-content\/uploads\/2020\/02\/Cartel.Taller-Autodefensa-femenina.jpg\"><img loading=\"lazy\" class=\"aligncenter size-medium wp-image-3216\" src=\"http:\/\/anoverdetajo.es\/deporte\/wp-content\/uploads\/2020\/02\/Cartel.Taller-Autodefensa-femenina-212x300.jpg\" alt=\"\" width=\"212\" height=\"300\" srcset=\"http:\/\/anoverdetajo.es\/deporte\/wp-content\/uploads\/2020\/02\/Cartel.Taller-Autodefensa-femenina-212x300.jpg 212w, http:\/\/anoverdetajo.es\/deporte\/wp-content\/uploads\/2020\/02\/Cartel.Taller-Autodefensa-femenina-768x1086.jpg 768w, http:\/\/anoverdetajo.es\/deporte\/wp-content\/uploads\/2020\/02\/Cartel.Taller-Autodefensa-femenina-724x1024.jpg 724w, http:\/\/anoverdetajo.es\/deporte\/wp-content\/uploads\/2020\/02\/Cartel.Taller-Autodefensa-femenina.jpg 1754w\" sizes=\"(max-width: 212px) 100vw, 212px\" \/><\/a><\/p>\n","protected":false},"excerpt":{"rendered":"<p>El pr\u00f3ximo 8 de marzo\u00a0desde las 10:00h en el Polideportivo Municipal\u00a0se celebrar\u00e1 un taller de Defensa Personal con motivo de la celebraci\u00f3n del D\u00eda Internacional de la Mujer.<\/p>\n","protected":false},"author":2,"featured_media":3216,"comment_status":"open","ping_status":"open","sticky":false,"template":"","format":"standard","meta":[],"categories":[1,107],"tags":[36,301,37,158],"jetpack_featured_media_url":"http:\/\/anoverdetajo.es\/deporte\/wp-content\/uploads\/2020\/02\/Cartel.Taller-Autodefensa-femenina.jpg","_links":{"self":[{"href":"http:\/\/anoverdetajo.es\/deporte\/wp-json\/wp\/v2\/posts\/3215"}],"collection":[{"href":"http:\/\/anoverdetajo.es\/deporte\/wp-json\/wp\/v2\/posts"}],"about":[{"href":"http:\/\/anoverdetajo.es\/deporte\/wp-json\/wp\/v2\/types\/post"}],"author":[{"embeddable":true,"href":"http:\/\/anoverdetajo.es\/deporte\/wp-json\/wp\/v2\/users\/2"}],"replies":[{"embeddable":true,"href":"http:\/\/anoverdetajo.es\/deporte\/wp-json\/wp\/v2\/comments?post=3215"}],"version-history":[{"count":1,"href":"http:\/\/anoverdetajo.es\/deporte\/wp-json\/wp\/v2\/posts\/3215\/revisions"}],"predecessor-version":[{"id":3217,"href":"http:\/\/anoverdetajo.es\/deporte\/wp-json\/wp\/v2\/posts\/3215\/revisions\/3217"}],"wp:featuredmedia":[{"embeddable":true,"href":"http:\/\/anoverdetajo.es\/deporte\/wp-json\/wp\/v2\/media\/3216"}],"wp:attachment":[{"href":"http:\/\/anoverdetajo.es\/deporte\/wp-json\/wp\/v2\/media?parent=3215"}],"wp:term":[{"taxonomy":"category","embeddable":true,"href":"http:\/\/anoverdetajo.es\/deporte\/wp-json\/wp\/v2\/categories?post=3215"},{"taxonomy":"post_tag","embeddable":true,"href":"http:\/\/anoverdetajo.es\/deporte\/wp-json\/wp\/v2\/tags?post=3215"}],"curies":[{"name":"wp","href":"https:\/\/api.w.org\/{rel}","templated":true}]}}