{"id":3171,"date":"2019-09-10T09:53:43","date_gmt":"2019-09-10T07:53:43","guid":{"rendered":"http:\/\/anoverdetajo.es\/deporte\/?p=3171"},"modified":"2019-09-10T09:53:43","modified_gmt":"2019-09-10T07:53:43","slug":"publicacion-listados-definitivos-20192020","status":"publish","type":"post","link":"http:\/\/anoverdetajo.es\/deporte\/publicacion-listados-definitivos-20192020\/","title":{"rendered":"Publicaci\u00f3n listados definitivos 2019\/2020"},"content":{"rendered":"<p>Publicaci\u00f3n de LISTADOS de Actividades Deportivas Infantiles y de Adultos para la temporada 2019\/2020<!--more--><\/p>\n<p><strong>LISTADOS\u00a0<\/strong><\/p>\n<p>Finalizado el plazo de reclamaciones, a fecha de 10\/09\/2019 son publicados los listados definitivos de Actividades Deportivas Infantiles y de Adultos para la temporada 2019\/2020.\u00a0<strong>Todas las actividades dar\u00e1n comienzo a partir del 16 de septiembre en los d\u00edas y horarios referenciados en el listado de cada actividad<\/strong>.<\/p>\n<ul>\n<li><a class=\"download-link\" title=\"\" href=\"http:\/\/anoverdetajo.es\/deporte\/download\/3637\/\" rel=\"nofollow\">\n\tListado Adultos\t(285 descargas)\n<\/a><\/li>\n<li><a class=\"download-link\" title=\"\" href=\"http:\/\/anoverdetajo.es\/deporte\/download\/3639\/\" rel=\"nofollow\">\n\tListado infantil\t(277 descargas)\n<\/a><\/li>\n<\/ul>\n<p><strong>LA LISTA DE ESPERA<\/strong><\/p>\n<p>Los alumnos que hayan presentado su solicitud de plaza en tiempo y forma figurar\u00e1n,\u00a0<span class=\"u\"><strong>AUTOM\u00c1TICAMENTE<\/strong><\/span>, en las listas de espera de todas aquellas actividades\u00a0en la que se le haya admitido pero no existan plazas disponibles. Se contactar\u00e1 con estos usuarios telef\u00f3nicamente conforme se sucedan las bajas o renuncias de cada actividad deportiva para que opten a las plazas vacantes.<\/p>\n<ul>\n<li><a class=\"download-link\" title=\"\" href=\"http:\/\/anoverdetajo.es\/deporte\/download\/3641\/\" rel=\"nofollow\">\n\tLista de espera\t(227 descargas)\n<\/a><\/li>\n<\/ul>\n<p><b>ACTIVIDADES ANULADAS<\/b><\/p>\n<p>Las actividades anuladas por falta de usuarios, se mantendr\u00e1n en segundo plano y podr\u00e1n lanzarse de nuevo siempre y cuando el n\u00famero de usuarios inscritos llegue al m\u00ednimo.<\/p>\n<ul>\n<li><a class=\"download-link\" title=\"\" href=\"http:\/\/anoverdetajo.es\/deporte\/download\/3643\/\" rel=\"nofollow\">\n\tActividades anuladas adultos\t(221 descargas)\n<\/a><\/li>\n<li><a class=\"download-link\" title=\"\" href=\"http:\/\/anoverdetajo.es\/deporte\/download\/3645\/\" rel=\"nofollow\">\n\tActividades anuladas infantiles\t(233 descargas)\n<\/a><\/li>\n<\/ul>\n<p><a href=\"http:\/\/anoverdetajo.es\/deporte\/wp-content\/uploads\/2019\/08\/PORTADA-PROGRAMA-1.jpg\"><img loading=\"lazy\" class=\"aligncenter size-medium wp-image-3166\" src=\"http:\/\/anoverdetajo.es\/deporte\/wp-content\/uploads\/2019\/08\/PORTADA-PROGRAMA-1-212x300.jpg\" alt=\"\" width=\"212\" height=\"300\" srcset=\"http:\/\/anoverdetajo.es\/deporte\/wp-content\/uploads\/2019\/08\/PORTADA-PROGRAMA-1-212x300.jpg 212w, http:\/\/anoverdetajo.es\/deporte\/wp-content\/uploads\/2019\/08\/PORTADA-PROGRAMA-1-768x1086.jpg 768w, http:\/\/anoverdetajo.es\/deporte\/wp-content\/uploads\/2019\/08\/PORTADA-PROGRAMA-1-724x1024.jpg 724w, http:\/\/anoverdetajo.es\/deporte\/wp-content\/uploads\/2019\/08\/PORTADA-PROGRAMA-1.jpg 1754w\" sizes=\"(max-width: 212px) 100vw, 212px\" \/><\/a>lista<\/p>\n","protected":false},"excerpt":{"rendered":"<p>Publicaci\u00f3n de LISTADOS de Actividades Deportivas Infantiles y de Adultos para la temporada 2019\/2020<\/p>\n","protected":false},"author":2,"featured_media":3166,"comment_status":"open","ping_status":"open","sticky":false,"template":"","format":"standard","meta":[],"categories":[1,107],"tags":[126,238,44,132],"jetpack_featured_media_url":"http:\/\/anoverdetajo.es\/deporte\/wp-content\/uploads\/2019\/08\/PORTADA-PROGRAMA-1.jpg","_links":{"self":[{"href":"http:\/\/anoverdetajo.es\/deporte\/wp-json\/wp\/v2\/posts\/3171"}],"collection":[{"href":"http:\/\/anoverdetajo.es\/deporte\/wp-json\/wp\/v2\/posts"}],"about":[{"href":"http:\/\/anoverdetajo.es\/deporte\/wp-json\/wp\/v2\/types\/post"}],"author":[{"embeddable":true,"href":"http:\/\/anoverdetajo.es\/deporte\/wp-json\/wp\/v2\/users\/2"}],"replies":[{"embeddable":true,"href":"http:\/\/anoverdetajo.es\/deporte\/wp-json\/wp\/v2\/comments?post=3171"}],"version-history":[{"count":3,"href":"http:\/\/anoverdetajo.es\/deporte\/wp-json\/wp\/v2\/posts\/3171\/revisions"}],"predecessor-version":[{"id":3174,"href":"http:\/\/anoverdetajo.es\/deporte\/wp-json\/wp\/v2\/posts\/3171\/revisions\/3174"}],"wp:featuredmedia":[{"embeddable":true,"href":"http:\/\/anoverdetajo.es\/deporte\/wp-json\/wp\/v2\/media\/3166"}],"wp:attachment":[{"href":"http:\/\/anoverdetajo.es\/deporte\/wp-json\/wp\/v2\/media?parent=3171"}],"wp:term":[{"taxonomy":"category","embeddable":true,"href":"http:\/\/anoverdetajo.es\/deporte\/wp-json\/wp\/v2\/categories?post=3171"},{"taxonomy":"post_tag","embeddable":true,"href":"http:\/\/anoverdetajo.es\/deporte\/wp-json\/wp\/v2\/tags?post=3171"}],"curies":[{"name":"wp","href":"https:\/\/api.w.org\/{rel}","templated":true}]}}