{"id":3117,"date":"2019-06-24T13:39:06","date_gmt":"2019-06-24T11:39:06","guid":{"rendered":"http:\/\/anoverdetajo.es\/deporte\/?p=3117"},"modified":"2019-06-25T13:18:45","modified_gmt":"2019-06-25T11:18:45","slug":"festival-fin-de-curso-gimnasia-ritmica","status":"publish","type":"post","link":"http:\/\/anoverdetajo.es\/deporte\/festival-fin-de-curso-gimnasia-ritmica\/","title":{"rendered":"Festival Fin de Curso &#8211; Gimnasia R\u00edtmica"},"content":{"rendered":"<p>Desde la escuela Municipal de Gimnasia R\u00edtmica de A\u00f1over de Tajo les presentamos el I Festival de Fin de Curso<!--more--><span id=\"more-3008\"><\/span><\/p>\n<p>Nuestras alumnas de la escuela Municipal de Gimnasia R\u00edtmica nos deleitar\u00e1n con una exhibici\u00f3n y una coreograf\u00eda conjunta.<\/p>\n<p>&nbsp;<\/p>\n<p>Lugar: Pabell\u00f3n Polideportivo Municipal.<\/p>\n<p>D\u00eda: 26 de junio de 2019.<\/p>\n<p>Hora: 18:00 horas.<\/p>\n<p>&nbsp;<\/p>\n<p><a href=\"http:\/\/anoverdetajo.es\/deporte\/wp-content\/uploads\/2019\/06\/1-Cartel-ok.jpg\"><img loading=\"lazy\" class=\"aligncenter size-medium wp-image-3120\" src=\"http:\/\/anoverdetajo.es\/deporte\/wp-content\/uploads\/2019\/06\/1-Cartel-ok-300x214.jpg\" alt=\"\" width=\"300\" height=\"214\" srcset=\"http:\/\/anoverdetajo.es\/deporte\/wp-content\/uploads\/2019\/06\/1-Cartel-ok-300x214.jpg 300w, http:\/\/anoverdetajo.es\/deporte\/wp-content\/uploads\/2019\/06\/1-Cartel-ok-768x549.jpg 768w, http:\/\/anoverdetajo.es\/deporte\/wp-content\/uploads\/2019\/06\/1-Cartel-ok.jpg 1016w\" sizes=\"(max-width: 300px) 100vw, 300px\" \/><\/a><\/p>\n","protected":false},"excerpt":{"rendered":"<p>Desde la escuela Municipal de Gimnasia R\u00edtmica de A\u00f1over de Tajo les presentamos el I Festival de Fin de Curso<\/p>\n","protected":false},"author":2,"featured_media":3120,"comment_status":"open","ping_status":"open","sticky":false,"template":"","format":"standard","meta":[],"categories":[1,107],"tags":[178,291,292,196],"jetpack_featured_media_url":"http:\/\/anoverdetajo.es\/deporte\/wp-content\/uploads\/2019\/06\/1-Cartel-ok.jpg","_links":{"self":[{"href":"http:\/\/anoverdetajo.es\/deporte\/wp-json\/wp\/v2\/posts\/3117"}],"collection":[{"href":"http:\/\/anoverdetajo.es\/deporte\/wp-json\/wp\/v2\/posts"}],"about":[{"href":"http:\/\/anoverdetajo.es\/deporte\/wp-json\/wp\/v2\/types\/post"}],"author":[{"embeddable":true,"href":"http:\/\/anoverdetajo.es\/deporte\/wp-json\/wp\/v2\/users\/2"}],"replies":[{"embeddable":true,"href":"http:\/\/anoverdetajo.es\/deporte\/wp-json\/wp\/v2\/comments?post=3117"}],"version-history":[{"count":2,"href":"http:\/\/anoverdetajo.es\/deporte\/wp-json\/wp\/v2\/posts\/3117\/revisions"}],"predecessor-version":[{"id":3121,"href":"http:\/\/anoverdetajo.es\/deporte\/wp-json\/wp\/v2\/posts\/3117\/revisions\/3121"}],"wp:featuredmedia":[{"embeddable":true,"href":"http:\/\/anoverdetajo.es\/deporte\/wp-json\/wp\/v2\/media\/3120"}],"wp:attachment":[{"href":"http:\/\/anoverdetajo.es\/deporte\/wp-json\/wp\/v2\/media?parent=3117"}],"wp:term":[{"taxonomy":"category","embeddable":true,"href":"http:\/\/anoverdetajo.es\/deporte\/wp-json\/wp\/v2\/categories?post=3117"},{"taxonomy":"post_tag","embeddable":true,"href":"http:\/\/anoverdetajo.es\/deporte\/wp-json\/wp\/v2\/tags?post=3117"}],"curies":[{"name":"wp","href":"https:\/\/api.w.org\/{rel}","templated":true}]}}