{"id":3086,"date":"2019-05-30T10:48:17","date_gmt":"2019-05-30T08:48:17","guid":{"rendered":"http:\/\/anoverdetajo.es\/deporte\/?p=3086"},"modified":"2019-05-30T10:48:17","modified_gmt":"2019-05-30T08:48:17","slug":"iv-campus-de-futbol-base","status":"publish","type":"post","link":"http:\/\/anoverdetajo.es\/deporte\/iv-campus-de-futbol-base\/","title":{"rendered":"IV Campus de F\u00fatbol Base"},"content":{"rendered":"<p>Organizado por el F.C.A\u00f1over con la colaboraci\u00f3n del Ayuntamiento se abre el plazo de inscripci\u00f3n para IV Campus de F\u00fatbol Base F.C. A\u00f1over.<!--more--><\/p>\n<h3>Instalaciones<\/h3>\n<p>El campus se desarrollar\u00e1 en las instalaciones deportivas del Ayuntamiento de A\u00f1over de Tajo (Campo de F\u00fatbol, Pabell\u00f3n Polideportivo y Piscina Municipal).<\/p>\n<h3>Fechas y horarios<\/h3>\n<p>Este Campus se desarrollar\u00e1 de\u00a0lunes a viernes de 09:00 a 14:00h y contar\u00e1 con 3 turnos:<\/p>\n<p>Turno 1: Del 1 al 5 de julio.<br \/>\nTurno 2: Del 8 al 12 de julio.<br \/>\nTurno 3: Del 15 al 19 de julio.<\/p>\n<p>Adem\u00e1s se ofrece la posibilidad de asistir tres semanas.<\/p>\n<h3>Edad<\/h3>\n<p>El campus est\u00e1 dirigido a ni\u00f1os\/as de 6 a 13 a\u00f1os (nacidos entre 2005-2012). Los grupos se dividir\u00e1n en formaci\u00f3n (de 6 a 9 a\u00f1os) y especializaci\u00f3n (de 10 a 13 a\u00f1os)<\/p>\n<h3>Equipaci\u00f3n y material<\/h3>\n<p>Los participantes del Campus recibir\u00e1n un Kit de Bienvenida que constar\u00e1 de dos camisetas y dos pantalones de entrenamiento. Adem\u00e1s, durante el Campus dispondr\u00e1n de almuerzo diario, hidrataci\u00f3n durante la pr\u00e1ctica, acceso a la piscina municipal, material deportivo y diploma de participaci\u00f3n.<\/p>\n<h3>El ni\u00f1o traer\u00e1<\/h3>\n<p>Toalla para piscina y ducha, ba\u00f1ador, chanclas, jab\u00f3n y champ\u00fa, protecci\u00f3n solar, calzado deportivo (para la pista del polideportivo) y botas de f\u00fatbol (para el c\u00e9sped del campo de f\u00fatbol).<\/p>\n<h3>Precios<\/h3>\n<div>\n<p>Turno una semana<br \/>\n01\/07 al 05\/07 \u2013 60\u20ac<br \/>\n8\/07 al 12\/07 \u2013 60\u20ac<br \/>\n15\/07 al 19\/07 \u2013 60\u20ac<\/p>\n<\/div>\n<p>Turno dos semanas<br \/>\n105 \u20ac<\/p>\n<p>Turno tres semanas<br \/>\n145 \u20ac<\/p>\n<p>*Descuento para la realizaci\u00f3n de 1 turno: 2 hermanos (105\u20ac) 3 hermanos (150\u20ac). Para la realizaci\u00f3n de 2 o 3 turnos los descuentos ya est\u00e1n incluidos por cada alumno.<\/p>\n<h3>Descarga toda la informaci\u00f3n<\/h3>\n<ul>\n<li><a class=\"download-link\" title=\"\" href=\"http:\/\/anoverdetajo.es\/deporte\/download\/3581\/\" rel=\"nofollow\">\n\tHoja de inscripci\u00f3n\t(264 descargas)\n<\/a><\/li>\n<li><a class=\"download-link\" title=\"\" href=\"http:\/\/anoverdetajo.es\/deporte\/download\/3583\/\" rel=\"nofollow\">\n\tNormativa e informaci\u00f3n\t(218 descargas)\n<\/a><\/li>\n<\/ul>\n<p>&nbsp;<\/p>\n<p><a href=\"http:\/\/anoverdetajo.es\/deporte\/wp-content\/uploads\/2019\/05\/Cartel-Campus-F7-2019.png\"><img loading=\"lazy\" class=\"aligncenter  wp-image-3087\" src=\"http:\/\/anoverdetajo.es\/deporte\/wp-content\/uploads\/2019\/05\/Cartel-Campus-F7-2019-212x300.png\" alt=\"\" width=\"232\" height=\"328\" srcset=\"http:\/\/anoverdetajo.es\/deporte\/wp-content\/uploads\/2019\/05\/Cartel-Campus-F7-2019-212x300.png 212w, http:\/\/anoverdetajo.es\/deporte\/wp-content\/uploads\/2019\/05\/Cartel-Campus-F7-2019-768x1086.png 768w, http:\/\/anoverdetajo.es\/deporte\/wp-content\/uploads\/2019\/05\/Cartel-Campus-F7-2019-724x1024.png 724w, http:\/\/anoverdetajo.es\/deporte\/wp-content\/uploads\/2019\/05\/Cartel-Campus-F7-2019.png 1754w\" sizes=\"(max-width: 232px) 100vw, 232px\" \/><\/a><\/p>\n","protected":false},"excerpt":{"rendered":"<p>Organizado por el F.C.A\u00f1over con la colaboraci\u00f3n del Ayuntamiento se abre el plazo de inscripci\u00f3n para IV Campus de F\u00fatbol Base F.C. A\u00f1over.<\/p>\n","protected":false},"author":2,"featured_media":3087,"comment_status":"open","ping_status":"open","sticky":false,"template":"","format":"standard","meta":[],"categories":[1,107],"tags":[181,210,45],"jetpack_featured_media_url":"http:\/\/anoverdetajo.es\/deporte\/wp-content\/uploads\/2019\/05\/Cartel-Campus-F7-2019.png","_links":{"self":[{"href":"http:\/\/anoverdetajo.es\/deporte\/wp-json\/wp\/v2\/posts\/3086"}],"collection":[{"href":"http:\/\/anoverdetajo.es\/deporte\/wp-json\/wp\/v2\/posts"}],"about":[{"href":"http:\/\/anoverdetajo.es\/deporte\/wp-json\/wp\/v2\/types\/post"}],"author":[{"embeddable":true,"href":"http:\/\/anoverdetajo.es\/deporte\/wp-json\/wp\/v2\/users\/2"}],"replies":[{"embeddable":true,"href":"http:\/\/anoverdetajo.es\/deporte\/wp-json\/wp\/v2\/comments?post=3086"}],"version-history":[{"count":1,"href":"http:\/\/anoverdetajo.es\/deporte\/wp-json\/wp\/v2\/posts\/3086\/revisions"}],"predecessor-version":[{"id":3088,"href":"http:\/\/anoverdetajo.es\/deporte\/wp-json\/wp\/v2\/posts\/3086\/revisions\/3088"}],"wp:featuredmedia":[{"embeddable":true,"href":"http:\/\/anoverdetajo.es\/deporte\/wp-json\/wp\/v2\/media\/3087"}],"wp:attachment":[{"href":"http:\/\/anoverdetajo.es\/deporte\/wp-json\/wp\/v2\/media?parent=3086"}],"wp:term":[{"taxonomy":"category","embeddable":true,"href":"http:\/\/anoverdetajo.es\/deporte\/wp-json\/wp\/v2\/categories?post=3086"},{"taxonomy":"post_tag","embeddable":true,"href":"http:\/\/anoverdetajo.es\/deporte\/wp-json\/wp\/v2\/tags?post=3086"}],"curies":[{"name":"wp","href":"https:\/\/api.w.org\/{rel}","templated":true}]}}