{"id":3059,"date":"2019-04-15T10:27:17","date_gmt":"2019-04-15T08:27:17","guid":{"rendered":"http:\/\/anoverdetajo.es\/deporte\/?p=3059"},"modified":"2019-04-30T08:42:14","modified_gmt":"2019-04-30T06:42:14","slug":"dia-de-la-bici-2019","status":"publish","type":"post","link":"http:\/\/anoverdetajo.es\/deporte\/dia-de-la-bici-2019\/","title":{"rendered":"D\u00eda de la Bici 2019"},"content":{"rendered":"<p>Un a\u00f1o m\u00e1s llega nuestro popular evento del \u201cD\u00eda de la Bici 2019\u201d que tendr\u00e1 lugar el mi\u00e9rcoles 1 de mayo. Desde hoy mismo queda abierto el plazo de inscripci\u00f3n.<!--more--><\/p>\n<p><strong>Fecha:<\/strong>\u00a01 de mayo, a las 10:30h.<br \/>\n<strong>Lugar:<\/strong>\u00a0Plaza Espa\u00f1a<br \/>\n<strong>Inscripciones: <span style=\"color: #ff0000;\">CERRADA<\/span><\/strong><\/p>\n<div>\n<ul>\n<li>Inscripciones hasta el 29 de abril a las 14:00 h.<\/li>\n<li>El ticket se podr\u00e1 recoger los d\u00edas 29 y 30 de abril de 8:00 a 14:00 en el Polideportivo Municipal o el mi\u00e9rcoles 1 de mayo de 9:30 a 10:15 en el Centro C\u00edvico.<\/li>\n<li><b>Sin previa inscripci\u00f3n\u00a0y entregando el ticket al finalizar la ruta no se podr\u00e1 recoger el avituallamiento.<\/b><\/li>\n<li><span style=\"color: #ff0000;\"><strong>No se realizar\u00e1n inscripciones el mismo d\u00eda del evento<\/strong>.<\/span><\/li>\n<li>Salida: 10:30 desde Plaza Espa\u00f1a.<\/li>\n<\/ul>\n<p><a href=\"http:\/\/anoverdetajo.es\/deporte\/wp-content\/uploads\/2019\/04\/CARTEL.jpg\"><img loading=\"lazy\" class=\"aligncenter wp-image-3060\" src=\"http:\/\/anoverdetajo.es\/deporte\/wp-content\/uploads\/2019\/04\/CARTEL-212x300.jpg\" alt=\"\" width=\"256\" height=\"362\" srcset=\"http:\/\/anoverdetajo.es\/deporte\/wp-content\/uploads\/2019\/04\/CARTEL-212x300.jpg 212w, http:\/\/anoverdetajo.es\/deporte\/wp-content\/uploads\/2019\/04\/CARTEL-768x1086.jpg 768w, http:\/\/anoverdetajo.es\/deporte\/wp-content\/uploads\/2019\/04\/CARTEL-724x1024.jpg 724w, http:\/\/anoverdetajo.es\/deporte\/wp-content\/uploads\/2019\/04\/CARTEL.jpg 1754w\" sizes=\"(max-width: 256px) 100vw, 256px\" \/><\/a><\/p>\n<\/div>\n","protected":false},"excerpt":{"rendered":"<p>Un a\u00f1o m\u00e1s llega nuestro popular evento del \u201cD\u00eda de la Bici 2019\u201d que tendr\u00e1 lugar el mi\u00e9rcoles 1 de mayo. Desde hoy mismo queda abierto el plazo de inscripci\u00f3n.<\/p>\n","protected":false},"author":2,"featured_media":3060,"comment_status":"open","ping_status":"open","sticky":false,"template":"","format":"standard","meta":[],"categories":[1,107],"tags":[16,80,112,104],"jetpack_featured_media_url":"http:\/\/anoverdetajo.es\/deporte\/wp-content\/uploads\/2019\/04\/CARTEL.jpg","_links":{"self":[{"href":"http:\/\/anoverdetajo.es\/deporte\/wp-json\/wp\/v2\/posts\/3059"}],"collection":[{"href":"http:\/\/anoverdetajo.es\/deporte\/wp-json\/wp\/v2\/posts"}],"about":[{"href":"http:\/\/anoverdetajo.es\/deporte\/wp-json\/wp\/v2\/types\/post"}],"author":[{"embeddable":true,"href":"http:\/\/anoverdetajo.es\/deporte\/wp-json\/wp\/v2\/users\/2"}],"replies":[{"embeddable":true,"href":"http:\/\/anoverdetajo.es\/deporte\/wp-json\/wp\/v2\/comments?post=3059"}],"version-history":[{"count":3,"href":"http:\/\/anoverdetajo.es\/deporte\/wp-json\/wp\/v2\/posts\/3059\/revisions"}],"predecessor-version":[{"id":3073,"href":"http:\/\/anoverdetajo.es\/deporte\/wp-json\/wp\/v2\/posts\/3059\/revisions\/3073"}],"wp:featuredmedia":[{"embeddable":true,"href":"http:\/\/anoverdetajo.es\/deporte\/wp-json\/wp\/v2\/media\/3060"}],"wp:attachment":[{"href":"http:\/\/anoverdetajo.es\/deporte\/wp-json\/wp\/v2\/media?parent=3059"}],"wp:term":[{"taxonomy":"category","embeddable":true,"href":"http:\/\/anoverdetajo.es\/deporte\/wp-json\/wp\/v2\/categories?post=3059"},{"taxonomy":"post_tag","embeddable":true,"href":"http:\/\/anoverdetajo.es\/deporte\/wp-json\/wp\/v2\/tags?post=3059"}],"curies":[{"name":"wp","href":"https:\/\/api.w.org\/{rel}","templated":true}]}}