{"id":3020,"date":"2018-12-18T12:35:37","date_gmt":"2018-12-18T11:35:37","guid":{"rendered":"http:\/\/anoverdetajo.es\/deporte\/?p=3020"},"modified":"2018-12-18T12:37:01","modified_gmt":"2018-12-18T11:37:01","slug":"entrenamiento-solidario-defensa-personal-y-kick-boxing","status":"publish","type":"post","link":"http:\/\/anoverdetajo.es\/deporte\/entrenamiento-solidario-defensa-personal-y-kick-boxing\/","title":{"rendered":"Entrenamiento solidario: Defensa personal y Kick boxing"},"content":{"rendered":"<p>Desde el Ayto. A\u00f1over de Tajo en colaboraci\u00f3n con C.D.E. Takayama y la Federaci\u00f3n Castellano-Manchega de Karate les traemos el primer entrenamiento solidario.<!--more--><\/p>\n<p>\u00a1Asiste ya a este entrenamiento!<\/p>\n<p>El curso se impartir\u00e1 en la sala multiusos situada en el pabell\u00f3n polideportivo de nuestra localidad. Durante dos horas podremos aprender t\u00e9cnicas de defensa personal y kick boxing.<\/p>\n<p>El acceso ser\u00e1 libre para todos los interesados en participar sin importar el nivel que tengan.<\/p>\n<p>S\u00e1bado 22 de diciembre de 2018.<\/p>\n<p>De 10:30 a 12:30 h.<\/p>\n<p>&nbsp;<\/p>\n<p style=\"text-align: center;\"><a href=\"http:\/\/anoverdetajo.es\/deporte\/wp-content\/uploads\/2018\/12\/Karate.png\"><img loading=\"lazy\" class=\"aligncenter size-medium wp-image-3021\" src=\"http:\/\/anoverdetajo.es\/deporte\/wp-content\/uploads\/2018\/12\/Karate-212x300.png\" alt=\"\" width=\"212\" height=\"300\" srcset=\"http:\/\/anoverdetajo.es\/deporte\/wp-content\/uploads\/2018\/12\/Karate-212x300.png 212w, http:\/\/anoverdetajo.es\/deporte\/wp-content\/uploads\/2018\/12\/Karate-768x1086.png 768w, http:\/\/anoverdetajo.es\/deporte\/wp-content\/uploads\/2018\/12\/Karate-724x1024.png 724w, http:\/\/anoverdetajo.es\/deporte\/wp-content\/uploads\/2018\/12\/Karate.png 1754w\" sizes=\"(max-width: 212px) 100vw, 212px\" \/><\/a><\/p>\n","protected":false},"excerpt":{"rendered":"<p>Desde el Ayto. A\u00f1over de Tajo en colaboraci\u00f3n con C.D.E. Takayama y la Federaci\u00f3n Castellano-Manchega de Karate les traemos el primer entrenamiento solidario.<\/p>\n","protected":false},"author":2,"featured_media":3021,"comment_status":"open","ping_status":"open","sticky":false,"template":"","format":"standard","meta":[],"categories":[1,107],"tags":[16,36,37,282],"jetpack_featured_media_url":"http:\/\/anoverdetajo.es\/deporte\/wp-content\/uploads\/2018\/12\/Karate.png","_links":{"self":[{"href":"http:\/\/anoverdetajo.es\/deporte\/wp-json\/wp\/v2\/posts\/3020"}],"collection":[{"href":"http:\/\/anoverdetajo.es\/deporte\/wp-json\/wp\/v2\/posts"}],"about":[{"href":"http:\/\/anoverdetajo.es\/deporte\/wp-json\/wp\/v2\/types\/post"}],"author":[{"embeddable":true,"href":"http:\/\/anoverdetajo.es\/deporte\/wp-json\/wp\/v2\/users\/2"}],"replies":[{"embeddable":true,"href":"http:\/\/anoverdetajo.es\/deporte\/wp-json\/wp\/v2\/comments?post=3020"}],"version-history":[{"count":3,"href":"http:\/\/anoverdetajo.es\/deporte\/wp-json\/wp\/v2\/posts\/3020\/revisions"}],"predecessor-version":[{"id":3024,"href":"http:\/\/anoverdetajo.es\/deporte\/wp-json\/wp\/v2\/posts\/3020\/revisions\/3024"}],"wp:featuredmedia":[{"embeddable":true,"href":"http:\/\/anoverdetajo.es\/deporte\/wp-json\/wp\/v2\/media\/3021"}],"wp:attachment":[{"href":"http:\/\/anoverdetajo.es\/deporte\/wp-json\/wp\/v2\/media?parent=3020"}],"wp:term":[{"taxonomy":"category","embeddable":true,"href":"http:\/\/anoverdetajo.es\/deporte\/wp-json\/wp\/v2\/categories?post=3020"},{"taxonomy":"post_tag","embeddable":true,"href":"http:\/\/anoverdetajo.es\/deporte\/wp-json\/wp\/v2\/tags?post=3020"}],"curies":[{"name":"wp","href":"https:\/\/api.w.org\/{rel}","templated":true}]}}