{"id":2807,"date":"2018-05-30T11:53:10","date_gmt":"2018-05-30T09:53:10","guid":{"rendered":"http:\/\/anoverdetajo.es\/deporte\/?p=2807"},"modified":"2018-06-01T08:38:54","modified_gmt":"2018-06-01T06:38:54","slug":"programa-verano-deportivo-2018","status":"publish","type":"post","link":"http:\/\/anoverdetajo.es\/deporte\/programa-verano-deportivo-2018\/","title":{"rendered":"Programa Verano deportivo 2018"},"content":{"rendered":"<p>Presentado el programa \u00abVerano Deportivo 2018\u00bb con las actividades que se podr\u00e1n realizar en los meses de junio, julio y agosto.<\/p>\n<p><!--more--><\/p>\n<p>El programa\u00a0\u00abVerano Deportivo 2018\u00bb se compone de dos partes:<\/p>\n<ol>\n<li>Los <strong>Eventos Deportivos<\/strong>, que para los cuales se ampliar\u00e1 la informaci\u00f3n en cartel a parte en fechas pr\u00f3ximas al evento.<\/li>\n<li><strong>Actividades Deportivas colectivas<\/strong>, dirigidas a ni\u00f1os, adultos y j\u00f3venes.\u00a0 Orientadas al aprendizaje de nataci\u00f3n, y al mantenimiento de la forma f\u00edsica y un estado de salud \u00f3ptimo.<\/li>\n<\/ol>\n<p>Informaci\u00f3n e inscripciones en el pabell\u00f3n polideportivo de lunes a viernes de 8:00 a 15:00 horas, o en el correo electr\u00f3nico<strong> coordinador@anoverdetajo.es<\/strong><\/p>\n<p>&nbsp;<\/p>\n<p><a href=\"http:\/\/anoverdetajo.es\/deporte\/wp-content\/uploads\/2018\/05\/PROGRAMA-VERANO-2018-001.jpg\"><img loading=\"lazy\" class=\"aligncenter wp-image-2818 size-full\" src=\"http:\/\/anoverdetajo.es\/deporte\/wp-content\/uploads\/2018\/05\/PROGRAMA-VERANO-2018-001.jpg\" alt=\"\" width=\"1684\" height=\"2381\" srcset=\"http:\/\/anoverdetajo.es\/deporte\/wp-content\/uploads\/2018\/05\/PROGRAMA-VERANO-2018-001.jpg 1684w, http:\/\/anoverdetajo.es\/deporte\/wp-content\/uploads\/2018\/05\/PROGRAMA-VERANO-2018-001-212x300.jpg 212w, http:\/\/anoverdetajo.es\/deporte\/wp-content\/uploads\/2018\/05\/PROGRAMA-VERANO-2018-001-768x1086.jpg 768w, http:\/\/anoverdetajo.es\/deporte\/wp-content\/uploads\/2018\/05\/PROGRAMA-VERANO-2018-001-724x1024.jpg 724w\" sizes=\"(max-width: 1684px) 100vw, 1684px\" \/><\/a><\/p>\n","protected":false},"excerpt":{"rendered":"<p>Presentado el programa \u00abVerano Deportivo 2018\u00bb con las actividades que se podr\u00e1n realizar en los meses de junio, julio y agosto.<\/p>\n","protected":false},"author":2,"featured_media":2818,"comment_status":"open","ping_status":"open","sticky":false,"template":"","format":"standard","meta":[],"categories":[1,107],"tags":[226,187,5],"jetpack_featured_media_url":"http:\/\/anoverdetajo.es\/deporte\/wp-content\/uploads\/2018\/05\/PROGRAMA-VERANO-2018-001.jpg","_links":{"self":[{"href":"http:\/\/anoverdetajo.es\/deporte\/wp-json\/wp\/v2\/posts\/2807"}],"collection":[{"href":"http:\/\/anoverdetajo.es\/deporte\/wp-json\/wp\/v2\/posts"}],"about":[{"href":"http:\/\/anoverdetajo.es\/deporte\/wp-json\/wp\/v2\/types\/post"}],"author":[{"embeddable":true,"href":"http:\/\/anoverdetajo.es\/deporte\/wp-json\/wp\/v2\/users\/2"}],"replies":[{"embeddable":true,"href":"http:\/\/anoverdetajo.es\/deporte\/wp-json\/wp\/v2\/comments?post=2807"}],"version-history":[{"count":6,"href":"http:\/\/anoverdetajo.es\/deporte\/wp-json\/wp\/v2\/posts\/2807\/revisions"}],"predecessor-version":[{"id":2821,"href":"http:\/\/anoverdetajo.es\/deporte\/wp-json\/wp\/v2\/posts\/2807\/revisions\/2821"}],"wp:featuredmedia":[{"embeddable":true,"href":"http:\/\/anoverdetajo.es\/deporte\/wp-json\/wp\/v2\/media\/2818"}],"wp:attachment":[{"href":"http:\/\/anoverdetajo.es\/deporte\/wp-json\/wp\/v2\/media?parent=2807"}],"wp:term":[{"taxonomy":"category","embeddable":true,"href":"http:\/\/anoverdetajo.es\/deporte\/wp-json\/wp\/v2\/categories?post=2807"},{"taxonomy":"post_tag","embeddable":true,"href":"http:\/\/anoverdetajo.es\/deporte\/wp-json\/wp\/v2\/tags?post=2807"}],"curies":[{"name":"wp","href":"https:\/\/api.w.org\/{rel}","templated":true}]}}