{"id":2751,"date":"2018-04-10T08:02:22","date_gmt":"2018-04-10T06:02:22","guid":{"rendered":"http:\/\/anoverdetajo.es\/deporte\/?p=2751"},"modified":"2018-04-27T15:01:04","modified_gmt":"2018-04-27T13:01:04","slug":"dia-de-la-bici-2018","status":"publish","type":"post","link":"http:\/\/anoverdetajo.es\/deporte\/dia-de-la-bici-2018\/","title":{"rendered":"D\u00eda de la Bici 2018"},"content":{"rendered":"<p>Un a\u00f1o m\u00e1s llega nuestro popular evento del \u201cD\u00eda de la Bici 2018\u201d que tendr\u00e1 lugar el martes 1 de mayo. Desde hoy mismo queda abierto el plazo de inscripci\u00f3n.<\/p>\n<p><!--more--><\/p>\n<p><strong>Fecha:<\/strong> 1 de mayo, a las 10:30h.<br \/>\n<strong>Lugar:<\/strong>\u00a0Plaza Espa\u00f1a<br \/>\n<strong>Inscripciones: <span style=\"color: #ff0000;\">inscripci\u00f3n cerrada<\/span><\/strong><\/p>\n<div>\n<ul>\n<li>Inscripciones hasta el 27 de abril a las 14:00 h.<\/li>\n<li>El ticket se podr\u00e1 recoger el viernes 27 de abril de 8:00 a 14:00 en el Polideportivo Municipal o el martes 1 de mayo de 9:30 a 10:15 en el Centro C\u00edvico.<\/li>\n<li><strong>Sin ticket no se podr\u00e1 recoger el avituallamiento.<\/strong><\/li>\n<li><span style=\"color: #ff0000;\"><strong>No se realizar\u00e1n inscripciones el mismo d\u00eda del evento<\/strong><\/span>.<\/li>\n<li>Salida: 10:30 desde Plaza Espa\u00f1a.<\/li>\n<\/ul>\n<p><a href=\"http:\/\/anoverdetajo.es\/deporte\/wp-content\/uploads\/2018\/04\/Cartel-D\u00eda-de-la-Bici.jpg\"><img loading=\"lazy\" class=\"aligncenter wp-image-2752 size-full\" src=\"http:\/\/anoverdetajo.es\/deporte\/wp-content\/uploads\/2018\/04\/Cartel-D\u00eda-de-la-Bici.jpg\" alt=\"\" width=\"1240\" height=\"1754\" srcset=\"http:\/\/anoverdetajo.es\/deporte\/wp-content\/uploads\/2018\/04\/Cartel-D\u00eda-de-la-Bici.jpg 1240w, http:\/\/anoverdetajo.es\/deporte\/wp-content\/uploads\/2018\/04\/Cartel-D\u00eda-de-la-Bici-212x300.jpg 212w, http:\/\/anoverdetajo.es\/deporte\/wp-content\/uploads\/2018\/04\/Cartel-D\u00eda-de-la-Bici-768x1086.jpg 768w, http:\/\/anoverdetajo.es\/deporte\/wp-content\/uploads\/2018\/04\/Cartel-D\u00eda-de-la-Bici-724x1024.jpg 724w\" sizes=\"(max-width: 1240px) 100vw, 1240px\" \/><\/a><\/p>\n<p>&nbsp;<\/p>\n<\/div>\n","protected":false},"excerpt":{"rendered":"<p>Un a\u00f1o m\u00e1s llega nuestro popular evento del \u201cD\u00eda de la Bici 2018\u201d que tendr\u00e1 lugar el martes 1 de mayo. Desde hoy mismo queda abierto el plazo de inscripci\u00f3n.<\/p>\n","protected":false},"author":2,"featured_media":2752,"comment_status":"open","ping_status":"open","sticky":false,"template":"","format":"standard","meta":[],"categories":[1,107],"tags":[112,82],"jetpack_featured_media_url":"http:\/\/anoverdetajo.es\/deporte\/wp-content\/uploads\/2018\/04\/Cartel-D\u00eda-de-la-Bici.jpg","_links":{"self":[{"href":"http:\/\/anoverdetajo.es\/deporte\/wp-json\/wp\/v2\/posts\/2751"}],"collection":[{"href":"http:\/\/anoverdetajo.es\/deporte\/wp-json\/wp\/v2\/posts"}],"about":[{"href":"http:\/\/anoverdetajo.es\/deporte\/wp-json\/wp\/v2\/types\/post"}],"author":[{"embeddable":true,"href":"http:\/\/anoverdetajo.es\/deporte\/wp-json\/wp\/v2\/users\/2"}],"replies":[{"embeddable":true,"href":"http:\/\/anoverdetajo.es\/deporte\/wp-json\/wp\/v2\/comments?post=2751"}],"version-history":[{"count":4,"href":"http:\/\/anoverdetajo.es\/deporte\/wp-json\/wp\/v2\/posts\/2751\/revisions"}],"predecessor-version":[{"id":2770,"href":"http:\/\/anoverdetajo.es\/deporte\/wp-json\/wp\/v2\/posts\/2751\/revisions\/2770"}],"wp:featuredmedia":[{"embeddable":true,"href":"http:\/\/anoverdetajo.es\/deporte\/wp-json\/wp\/v2\/media\/2752"}],"wp:attachment":[{"href":"http:\/\/anoverdetajo.es\/deporte\/wp-json\/wp\/v2\/media?parent=2751"}],"wp:term":[{"taxonomy":"category","embeddable":true,"href":"http:\/\/anoverdetajo.es\/deporte\/wp-json\/wp\/v2\/categories?post=2751"},{"taxonomy":"post_tag","embeddable":true,"href":"http:\/\/anoverdetajo.es\/deporte\/wp-json\/wp\/v2\/tags?post=2751"}],"curies":[{"name":"wp","href":"https:\/\/api.w.org\/{rel}","templated":true}]}}