{"id":2698,"date":"2018-03-01T10:24:26","date_gmt":"2018-03-01T09:24:26","guid":{"rendered":"http:\/\/anoverdetajo.es\/deporte\/?p=2698"},"modified":"2018-03-01T10:26:39","modified_gmt":"2018-03-01T09:26:39","slug":"xxv-gala-del-deporte","status":"publish","type":"post","link":"http:\/\/anoverdetajo.es\/deporte\/xxv-gala-del-deporte\/","title":{"rendered":"XXV Gala del Deporte"},"content":{"rendered":"<p>Estamos de enhorabuena. Los premios provinciales al deporte 2017 este a\u00f1o incluyen a un deportista y un club de nuestra localidad.<\/p>\n<p><!--more--><\/p>\n<p>La Diputaci\u00f3n de Toledo, como cada a\u00f1o, celebra la Gala del Deporte donde premia a deportista e instituciones deportivas de la provincia por sus logros deportivos. Esta temporada tenemos el placer y orgullo de tener\u00a0a un deportista y un club de nuestra localidad entre los elegidos:<\/p>\n<ul>\n<li>A David Aranda G\u00f3mez, que recibir\u00e1 el Premio Provincial en la categor\u00eda de Hockey como jugador, entrenador y \u00e1rb<span class=\"text_exposed_show\">itro y subcampe\u00f3n de la 2\u00aa Divisi\u00f3n Madrile\u00f1a.<\/span><\/li>\n<li>Al\u00a0Club Deportivo Voleibol A\u00f1over de Tajo, que recibir\u00e1 el Premio Provincial en la categor\u00eda de voleibol tras una fant\u00e1stica temporada que ha llevado a las f\u00e9minas y sus t\u00e9cnicos a estar entre los mejores equipos de la regi\u00f3n.<\/li>\n<\/ul>\n<p>La celebraci\u00f3n de esta 25\u00aa Edici\u00f3n tendr\u00e1 lugar el 17 de marzo de 2018 a las 20:00 horas en el Auditorio del \u00abHotel Beatriz Toledo\u00bb.<\/p>\n<p>\u00a1Felicidades a ambos premiados!<\/p>\n<p><a href=\"http:\/\/anoverdetajo.es\/deporte\/wp-content\/uploads\/2018\/03\/gala-del-deporte.png\"><img loading=\"lazy\" class=\"aligncenter wp-image-2699 size-full\" src=\"http:\/\/anoverdetajo.es\/deporte\/wp-content\/uploads\/2018\/03\/gala-del-deporte.png\" alt=\"\" width=\"960\" height=\"960\" srcset=\"http:\/\/anoverdetajo.es\/deporte\/wp-content\/uploads\/2018\/03\/gala-del-deporte.png 960w, http:\/\/anoverdetajo.es\/deporte\/wp-content\/uploads\/2018\/03\/gala-del-deporte-150x150.png 150w, http:\/\/anoverdetajo.es\/deporte\/wp-content\/uploads\/2018\/03\/gala-del-deporte-300x300.png 300w, http:\/\/anoverdetajo.es\/deporte\/wp-content\/uploads\/2018\/03\/gala-del-deporte-768x768.png 768w\" sizes=\"(max-width: 960px) 100vw, 960px\" \/><\/a><\/p>\n","protected":false},"excerpt":{"rendered":"<p>Estamos de enhorabuena. Los premios provinciales al deporte 2017 este a\u00f1o incluyen a un deportista y un club de nuestra localidad.<\/p>\n","protected":false},"author":2,"featured_media":2699,"comment_status":"open","ping_status":"open","sticky":false,"template":"","format":"standard","meta":[],"categories":[1,107],"tags":[261],"jetpack_featured_media_url":"http:\/\/anoverdetajo.es\/deporte\/wp-content\/uploads\/2018\/03\/gala-del-deporte.png","_links":{"self":[{"href":"http:\/\/anoverdetajo.es\/deporte\/wp-json\/wp\/v2\/posts\/2698"}],"collection":[{"href":"http:\/\/anoverdetajo.es\/deporte\/wp-json\/wp\/v2\/posts"}],"about":[{"href":"http:\/\/anoverdetajo.es\/deporte\/wp-json\/wp\/v2\/types\/post"}],"author":[{"embeddable":true,"href":"http:\/\/anoverdetajo.es\/deporte\/wp-json\/wp\/v2\/users\/2"}],"replies":[{"embeddable":true,"href":"http:\/\/anoverdetajo.es\/deporte\/wp-json\/wp\/v2\/comments?post=2698"}],"version-history":[{"count":2,"href":"http:\/\/anoverdetajo.es\/deporte\/wp-json\/wp\/v2\/posts\/2698\/revisions"}],"predecessor-version":[{"id":2701,"href":"http:\/\/anoverdetajo.es\/deporte\/wp-json\/wp\/v2\/posts\/2698\/revisions\/2701"}],"wp:featuredmedia":[{"embeddable":true,"href":"http:\/\/anoverdetajo.es\/deporte\/wp-json\/wp\/v2\/media\/2699"}],"wp:attachment":[{"href":"http:\/\/anoverdetajo.es\/deporte\/wp-json\/wp\/v2\/media?parent=2698"}],"wp:term":[{"taxonomy":"category","embeddable":true,"href":"http:\/\/anoverdetajo.es\/deporte\/wp-json\/wp\/v2\/categories?post=2698"},{"taxonomy":"post_tag","embeddable":true,"href":"http:\/\/anoverdetajo.es\/deporte\/wp-json\/wp\/v2\/tags?post=2698"}],"curies":[{"name":"wp","href":"https:\/\/api.w.org\/{rel}","templated":true}]}}