{"id":2689,"date":"2018-02-22T14:02:56","date_gmt":"2018-02-22T13:02:56","guid":{"rendered":"http:\/\/anoverdetajo.es\/deporte\/?p=2689"},"modified":"2018-02-22T14:30:13","modified_gmt":"2018-02-22T13:30:13","slug":"play-off-final-liga-provincial-de-hockey-sala","status":"publish","type":"post","link":"http:\/\/anoverdetajo.es\/deporte\/play-off-final-liga-provincial-de-hockey-sala\/","title":{"rendered":"Play-Off Final Liga Provincial de Hockey Sala"},"content":{"rendered":"<p>Una temporada m\u00e1s nuestra localidad ser\u00e1 la sede oficial para acoger las finales del Play-Off final de la Liga Provincial de Hockey Sala.<\/p>\n<p><!--more--><\/p>\n<p>Los encuentros se celebrar\u00e1n el pr\u00f3ximo domingo, 25 de febrero de 2018 en el Pabell\u00f3n Polideportivo Municipal. La Jornada se organiza en los siguiente horarios y encuentros:<\/p>\n<p><a href=\"http:\/\/anoverdetajo.es\/deporte\/wp-content\/uploads\/2018\/02\/PLAYOFF_SALA_2018.png\"><img loading=\"lazy\" class=\"aligncenter wp-image-2690 size-full\" src=\"http:\/\/anoverdetajo.es\/deporte\/wp-content\/uploads\/2018\/02\/PLAYOFF_SALA_2018.png\" alt=\"\" width=\"900\" height=\"654\" srcset=\"http:\/\/anoverdetajo.es\/deporte\/wp-content\/uploads\/2018\/02\/PLAYOFF_SALA_2018.png 900w, http:\/\/anoverdetajo.es\/deporte\/wp-content\/uploads\/2018\/02\/PLAYOFF_SALA_2018-300x218.png 300w, http:\/\/anoverdetajo.es\/deporte\/wp-content\/uploads\/2018\/02\/PLAYOFF_SALA_2018-768x558.png 768w\" sizes=\"(max-width: 900px) 100vw, 900px\" \/><\/a><\/p>\n","protected":false},"excerpt":{"rendered":"<p>Una temporada m\u00e1s nuestra localidad ser\u00e1 la sede oficial para acoger las finales del Play-Off final de la Liga Provincial de Hockey Sala.<\/p>\n","protected":false},"author":2,"featured_media":2696,"comment_status":"open","ping_status":"open","sticky":false,"template":"","format":"standard","meta":[],"categories":[1,107],"tags":[46,84,130],"jetpack_featured_media_url":"http:\/\/anoverdetajo.es\/deporte\/wp-content\/uploads\/2018\/02\/hockey-sala.jpg","_links":{"self":[{"href":"http:\/\/anoverdetajo.es\/deporte\/wp-json\/wp\/v2\/posts\/2689"}],"collection":[{"href":"http:\/\/anoverdetajo.es\/deporte\/wp-json\/wp\/v2\/posts"}],"about":[{"href":"http:\/\/anoverdetajo.es\/deporte\/wp-json\/wp\/v2\/types\/post"}],"author":[{"embeddable":true,"href":"http:\/\/anoverdetajo.es\/deporte\/wp-json\/wp\/v2\/users\/2"}],"replies":[{"embeddable":true,"href":"http:\/\/anoverdetajo.es\/deporte\/wp-json\/wp\/v2\/comments?post=2689"}],"version-history":[{"count":1,"href":"http:\/\/anoverdetajo.es\/deporte\/wp-json\/wp\/v2\/posts\/2689\/revisions"}],"predecessor-version":[{"id":2692,"href":"http:\/\/anoverdetajo.es\/deporte\/wp-json\/wp\/v2\/posts\/2689\/revisions\/2692"}],"wp:featuredmedia":[{"embeddable":true,"href":"http:\/\/anoverdetajo.es\/deporte\/wp-json\/wp\/v2\/media\/2696"}],"wp:attachment":[{"href":"http:\/\/anoverdetajo.es\/deporte\/wp-json\/wp\/v2\/media?parent=2689"}],"wp:term":[{"taxonomy":"category","embeddable":true,"href":"http:\/\/anoverdetajo.es\/deporte\/wp-json\/wp\/v2\/categories?post=2689"},{"taxonomy":"post_tag","embeddable":true,"href":"http:\/\/anoverdetajo.es\/deporte\/wp-json\/wp\/v2\/tags?post=2689"}],"curies":[{"name":"wp","href":"https:\/\/api.w.org\/{rel}","templated":true}]}}