{"id":2635,"date":"2018-01-10T14:46:40","date_gmt":"2018-01-10T13:46:40","guid":{"rendered":"http:\/\/anoverdetajo.es\/deporte\/?p=2635"},"modified":"2018-01-10T14:49:20","modified_gmt":"2018-01-10T13:49:20","slug":"liga-de-futbol-femenino-toledo-la-sagra","status":"publish","type":"post","link":"http:\/\/anoverdetajo.es\/deporte\/liga-de-futbol-femenino-toledo-la-sagra\/","title":{"rendered":"Liga de F\u00fatbol Femenino Toledo-La Sagra"},"content":{"rendered":"<p>La Liga de F\u00fatbol Femenino Multisede Toledo-La Sagra llega a A\u00f1over el pr\u00f3ximo domingo, 14 de enero de 2017, desde las 10:00 horas.<\/p>\n<p><!--more--><\/p>\n<p>Ven al Campo de F\u00fatbol a disfrutar de una gran ma\u00f1ana del mejor f\u00fatbol femenino de la provincia. Nuestras chicas se enfrentan a \u00abBorox Deportivo\u00bb a las 13:00 horas. \u00a1\u00a1\u00a1 No te lo puedes perder !!!<br \/>\n<img loading=\"lazy\" class=\"aligncenter wp-image-2636 size-full\" src=\"http:\/\/anoverdetajo.es\/deporte\/wp-content\/uploads\/2018\/01\/Liga-multisede.jpg\" alt=\"\" width=\"679\" height=\"960\" srcset=\"http:\/\/anoverdetajo.es\/deporte\/wp-content\/uploads\/2018\/01\/Liga-multisede.jpg 679w, http:\/\/anoverdetajo.es\/deporte\/wp-content\/uploads\/2018\/01\/Liga-multisede-212x300.jpg 212w\" sizes=\"(max-width: 679px) 100vw, 679px\" \/><\/p>\n","protected":false},"excerpt":{"rendered":"<p>La Liga de F\u00fatbol Femenino Multisede Toledo-La Sagra llega a A\u00f1over el pr\u00f3ximo domingo, 14 de enero de 2017, desde las 10:00 horas.<\/p>\n","protected":false},"author":2,"featured_media":2636,"comment_status":"open","ping_status":"open","sticky":false,"template":"","format":"standard","meta":[],"categories":[1,107],"tags":[207,102,254],"jetpack_featured_media_url":"http:\/\/anoverdetajo.es\/deporte\/wp-content\/uploads\/2018\/01\/Liga-multisede.jpg","_links":{"self":[{"href":"http:\/\/anoverdetajo.es\/deporte\/wp-json\/wp\/v2\/posts\/2635"}],"collection":[{"href":"http:\/\/anoverdetajo.es\/deporte\/wp-json\/wp\/v2\/posts"}],"about":[{"href":"http:\/\/anoverdetajo.es\/deporte\/wp-json\/wp\/v2\/types\/post"}],"author":[{"embeddable":true,"href":"http:\/\/anoverdetajo.es\/deporte\/wp-json\/wp\/v2\/users\/2"}],"replies":[{"embeddable":true,"href":"http:\/\/anoverdetajo.es\/deporte\/wp-json\/wp\/v2\/comments?post=2635"}],"version-history":[{"count":3,"href":"http:\/\/anoverdetajo.es\/deporte\/wp-json\/wp\/v2\/posts\/2635\/revisions"}],"predecessor-version":[{"id":2639,"href":"http:\/\/anoverdetajo.es\/deporte\/wp-json\/wp\/v2\/posts\/2635\/revisions\/2639"}],"wp:featuredmedia":[{"embeddable":true,"href":"http:\/\/anoverdetajo.es\/deporte\/wp-json\/wp\/v2\/media\/2636"}],"wp:attachment":[{"href":"http:\/\/anoverdetajo.es\/deporte\/wp-json\/wp\/v2\/media?parent=2635"}],"wp:term":[{"taxonomy":"category","embeddable":true,"href":"http:\/\/anoverdetajo.es\/deporte\/wp-json\/wp\/v2\/categories?post=2635"},{"taxonomy":"post_tag","embeddable":true,"href":"http:\/\/anoverdetajo.es\/deporte\/wp-json\/wp\/v2\/tags?post=2635"}],"curies":[{"name":"wp","href":"https:\/\/api.w.org\/{rel}","templated":true}]}}