{"id":2605,"date":"2017-11-21T09:09:37","date_gmt":"2017-11-21T08:09:37","guid":{"rendered":"http:\/\/anoverdetajo.es\/deporte\/?p=2605"},"modified":"2017-11-21T09:24:17","modified_gmt":"2017-11-21T08:24:17","slug":"campeonato-de-castilla-la-mancha-de-karate","status":"publish","type":"post","link":"http:\/\/anoverdetajo.es\/deporte\/campeonato-de-castilla-la-mancha-de-karate\/","title":{"rendered":"Campeonato de Castilla-La Mancha de K\u00e1rate"},"content":{"rendered":"<p>A\u00f1over de Tajo acoger\u00e1 el Campeonato Regional de clubes y veteranos de K\u00e1rate, el s\u00e1bado 16 de diciembre en el Pabell\u00f3n Polideportivo Municipal.<\/p>\n<p><!--more--><\/p>\n<p>M\u00e1s de 300 competidores provenientes de toda la regi\u00f3n castellano manchega se dar\u00e1n cita en el Polideportivo Municipal en el \u00abCampeonato de Castilla-La Mancha de Clubes y Veteranos\u00bb y la \u00abII Copa de Castilla-La Mancha de Para-K\u00e1rate\u00bb.<\/p>\n<h3><strong>Datos de inter\u00e9s<\/strong><\/h3>\n<ul>\n<li>Fecha: 16 de diciembre de 2017<\/li>\n<li>Hora: 9&#8217;00 horas.<\/li>\n<li>Lugar: Polideportivo Municipal de A\u00f1over de Tajo<\/li>\n<\/ul>\n<h3><strong>Programa<\/strong><\/h3>\n<p><strong>Jornada de ma\u00f1ana: comienzo a las 9&#8217;00 horas<\/strong><\/p>\n<ul>\n<li>Competici\u00f3n de clubes (equipos benjam\u00edn, alev\u00edn, infantil)<\/li>\n<li>Categor\u00eda Kumite individual Pre-benjam\u00edn<\/li>\n<\/ul>\n<p><strong>Jornada de tarde: comienzo a las 16&#8217;00 horas<\/strong><\/p>\n<ul>\n<li>Competici\u00f3n de clubes (equipos cadete, junior senior)<\/li>\n<li>Competici\u00f3n veteranos<\/li>\n<li>II Copa de Castilla-La Mancha de Para-K\u00e1rate.<\/li>\n<\/ul>\n<p><a href=\"http:\/\/anoverdetajo.es\/deporte\/wp-content\/uploads\/2017\/11\/Cartel_Karate-A\u00f1over.jpg\"><img loading=\"lazy\" class=\"aligncenter size-medium wp-image-2606\" src=\"http:\/\/anoverdetajo.es\/deporte\/wp-content\/uploads\/2017\/11\/Cartel_Karate-A\u00f1over-212x300.jpg\" alt=\"\" width=\"212\" height=\"300\" srcset=\"http:\/\/anoverdetajo.es\/deporte\/wp-content\/uploads\/2017\/11\/Cartel_Karate-A\u00f1over-212x300.jpg 212w, http:\/\/anoverdetajo.es\/deporte\/wp-content\/uploads\/2017\/11\/Cartel_Karate-A\u00f1over-768x1086.jpg 768w, http:\/\/anoverdetajo.es\/deporte\/wp-content\/uploads\/2017\/11\/Cartel_Karate-A\u00f1over-724x1024.jpg 724w, http:\/\/anoverdetajo.es\/deporte\/wp-content\/uploads\/2017\/11\/Cartel_Karate-A\u00f1over.jpg 1240w\" sizes=\"(max-width: 212px) 100vw, 212px\" \/><\/a><\/p>\n","protected":false},"excerpt":{"rendered":"<p>A\u00f1over de Tajo acoger\u00e1 el Campeonato Regional de clubes y veteranos de K\u00e1rate, el s\u00e1bado 16 de diciembre en el Pabell\u00f3n Polideportivo Municipal.<\/p>\n","protected":false},"author":2,"featured_media":2606,"comment_status":"open","ping_status":"open","sticky":false,"template":"","format":"standard","meta":[],"categories":[1,107],"tags":[30,249,37,250],"jetpack_featured_media_url":"http:\/\/anoverdetajo.es\/deporte\/wp-content\/uploads\/2017\/11\/Cartel_Karate-A\u00f1over.jpg","_links":{"self":[{"href":"http:\/\/anoverdetajo.es\/deporte\/wp-json\/wp\/v2\/posts\/2605"}],"collection":[{"href":"http:\/\/anoverdetajo.es\/deporte\/wp-json\/wp\/v2\/posts"}],"about":[{"href":"http:\/\/anoverdetajo.es\/deporte\/wp-json\/wp\/v2\/types\/post"}],"author":[{"embeddable":true,"href":"http:\/\/anoverdetajo.es\/deporte\/wp-json\/wp\/v2\/users\/2"}],"replies":[{"embeddable":true,"href":"http:\/\/anoverdetajo.es\/deporte\/wp-json\/wp\/v2\/comments?post=2605"}],"version-history":[{"count":5,"href":"http:\/\/anoverdetajo.es\/deporte\/wp-json\/wp\/v2\/posts\/2605\/revisions"}],"predecessor-version":[{"id":2611,"href":"http:\/\/anoverdetajo.es\/deporte\/wp-json\/wp\/v2\/posts\/2605\/revisions\/2611"}],"wp:featuredmedia":[{"embeddable":true,"href":"http:\/\/anoverdetajo.es\/deporte\/wp-json\/wp\/v2\/media\/2606"}],"wp:attachment":[{"href":"http:\/\/anoverdetajo.es\/deporte\/wp-json\/wp\/v2\/media?parent=2605"}],"wp:term":[{"taxonomy":"category","embeddable":true,"href":"http:\/\/anoverdetajo.es\/deporte\/wp-json\/wp\/v2\/categories?post=2605"},{"taxonomy":"post_tag","embeddable":true,"href":"http:\/\/anoverdetajo.es\/deporte\/wp-json\/wp\/v2\/tags?post=2605"}],"curies":[{"name":"wp","href":"https:\/\/api.w.org\/{rel}","templated":true}]}}