{"id":231,"date":"2014-06-09T14:39:33","date_gmt":"2014-06-09T12:39:33","guid":{"rendered":"http:\/\/anoverdetajo.es\/deporte\/?p=231"},"modified":"2014-06-10T12:20:46","modified_gmt":"2014-06-10T10:20:46","slug":"ii-torneo-de-voley-playa-2x2","status":"publish","type":"post","link":"http:\/\/anoverdetajo.es\/deporte\/ii-torneo-de-voley-playa-2x2\/","title":{"rendered":"III Torneo de Voley Playa 2&#215;2"},"content":{"rendered":"<p style=\"text-align: justify;\">Abierto el plazo de inscripci\u00f3n para el\u00a0\u00a0III Torneo de Voley Playa (2&#215;2) de A\u00f1over de Tajo que se celebrar\u00e1 del 25 al 29 de junio.<\/p>\n<p><!--more--><\/p>\n<p style=\"text-align: justify;\">Las inscripciones pueden tramitarse del 9\u00a0de junio al 23\u00a0de junio en pabell\u00f3n polideportivo. La cuota de inscripci\u00f3n es de 5\u00a0euros por persona (10 por pareja). La cuota de debe entregarse junto a la solicitud de inscripci\u00f3n.<\/p>\n<p style=\"text-align: justify;\">M\u00e1ximo 24 parejas por modalidad y por riguroso orden de inscripci\u00f3n, donde tendr\u00e1n prioridad aquellos empadronados en A\u00f1over de Tajo.<\/p>\n<p style=\"text-align: justify;\">Descargar documentos:<\/p>\n<ul style=\"text-align: justify;\">\n<li><\/li>\n<li><\/li>\n<li><\/li>\n<\/ul>\n<p style=\"text-align: justify;\">Puedes tramitar la inscripci\u00f3n en la oficina del Servicio de Deportes ubicada en el Pabell\u00f3n Polideportivo\u00a0en horario de 8:00 a 15:00, o en el correo electr\u00f3nico: coordinador@anoverdetajo.es<\/p>\n<p style=\"text-align: justify;\"><a href=\"http:\/\/anoverdetajo.es\/deporte\/wp-content\/uploads\/2014\/06\/Cartel_III_Torneo_Voley_Playa_2014_DEFINITIVO.jpg\"><img loading=\"lazy\" class=\"aligncenter wp-image-818 size-medium\" title=\"Click para ampliar\" src=\"http:\/\/anoverdetajo.es\/deporte\/wp-content\/uploads\/2014\/06\/Cartel_III_Torneo_Voley_Playa_2014_DEFINITIVO-212x300.jpg\" alt=\"III Torneo Voley Playa en A\u00f1over de Tajo\" width=\"212\" height=\"300\" srcset=\"http:\/\/anoverdetajo.es\/deporte\/wp-content\/uploads\/2014\/06\/Cartel_III_Torneo_Voley_Playa_2014_DEFINITIVO-212x300.jpg 212w, http:\/\/anoverdetajo.es\/deporte\/wp-content\/uploads\/2014\/06\/Cartel_III_Torneo_Voley_Playa_2014_DEFINITIVO-723x1024.jpg 723w, http:\/\/anoverdetajo.es\/deporte\/wp-content\/uploads\/2014\/06\/Cartel_III_Torneo_Voley_Playa_2014_DEFINITIVO.jpg 842w\" sizes=\"(max-width: 212px) 100vw, 212px\" \/><\/a><\/p>\n","protected":false},"excerpt":{"rendered":"<p>Abierto el plazo de inscripci\u00f3n para el\u00a0\u00a0III Torneo de Voley Playa (2&#215;2) de A\u00f1over de Tajo que se celebrar\u00e1 del 25 al 29 de junio.<\/p>\n","protected":false},"author":2,"featured_media":815,"comment_status":"open","ping_status":"open","sticky":false,"template":"","format":"standard","meta":[],"categories":[1],"tags":[34,33],"jetpack_featured_media_url":"http:\/\/anoverdetajo.es\/deporte\/wp-content\/uploads\/2013\/06\/voley-playa.jpg","_links":{"self":[{"href":"http:\/\/anoverdetajo.es\/deporte\/wp-json\/wp\/v2\/posts\/231"}],"collection":[{"href":"http:\/\/anoverdetajo.es\/deporte\/wp-json\/wp\/v2\/posts"}],"about":[{"href":"http:\/\/anoverdetajo.es\/deporte\/wp-json\/wp\/v2\/types\/post"}],"author":[{"embeddable":true,"href":"http:\/\/anoverdetajo.es\/deporte\/wp-json\/wp\/v2\/users\/2"}],"replies":[{"embeddable":true,"href":"http:\/\/anoverdetajo.es\/deporte\/wp-json\/wp\/v2\/comments?post=231"}],"version-history":[{"count":0,"href":"http:\/\/anoverdetajo.es\/deporte\/wp-json\/wp\/v2\/posts\/231\/revisions"}],"wp:featuredmedia":[{"embeddable":true,"href":"http:\/\/anoverdetajo.es\/deporte\/wp-json\/wp\/v2\/media\/815"}],"wp:attachment":[{"href":"http:\/\/anoverdetajo.es\/deporte\/wp-json\/wp\/v2\/media?parent=231"}],"wp:term":[{"taxonomy":"category","embeddable":true,"href":"http:\/\/anoverdetajo.es\/deporte\/wp-json\/wp\/v2\/categories?post=231"},{"taxonomy":"post_tag","embeddable":true,"href":"http:\/\/anoverdetajo.es\/deporte\/wp-json\/wp\/v2\/tags?post=231"}],"curies":[{"name":"wp","href":"https:\/\/api.w.org\/{rel}","templated":true}]}}