{"id":2052,"date":"2016-11-02T10:57:40","date_gmt":"2016-11-02T09:57:40","guid":{"rendered":"http:\/\/anoverdetajo.es\/deporte\/?p=2052"},"modified":"2016-11-02T10:59:17","modified_gmt":"2016-11-02T09:59:17","slug":"comienzo-liga-local-anover-alameda-201617","status":"publish","type":"post","link":"http:\/\/anoverdetajo.es\/deporte\/comienzo-liga-local-anover-alameda-201617\/","title":{"rendered":"Comienzo Liga Local A\u00f1over-Alameda 2016\/17"},"content":{"rendered":"<p>\u00a1Ya est\u00e1 aqu\u00ed una nueva edici\u00f3n de nuestra liga local de f\u00fatbol sala 2016\/17! El campeonato dar\u00e1 comienzo el pr\u00f3ximo d\u00eda 5 de noviemnbre.<\/p>\n<p><!--more--><\/p>\n<p>La liga esta compuesta por un total de 11 equipos que se batir\u00e1n entre ellos para lograr un puesto en lo m\u00e1s alto de la tabla. La liga se disputar\u00e1 en nuestra localidad y en la de nuestro vecino Alameda de la Sagra jugando una jornada en cada sede.<\/p>\n<p>Podr\u00e1n tener un seguimiento de la competici\u00f3n en nuestra p\u00e1gina web pinchando en el siguente enlace. <a href=\"http:\/\/anoverdetajo.es\/deporte\/liga-local-futbol-sala-20162017\/\" target=\"_blank\">Pinche Aqu\u00ed<\/a><\/p>\n<p>&nbsp;<\/p>\n<p><img loading=\"lazy\" class=\"aligncenter size-medium wp-image-2021\" src=\"http:\/\/anoverdetajo.es\/deporte\/wp-content\/uploads\/2016\/09\/Catel_Liga-Local-Futbol-Sala-212x300.jpg\" alt=\"catel_liga-local-futbol-sala\" width=\"212\" height=\"300\" srcset=\"http:\/\/anoverdetajo.es\/deporte\/wp-content\/uploads\/2016\/09\/Catel_Liga-Local-Futbol-Sala-212x300.jpg 212w, http:\/\/anoverdetajo.es\/deporte\/wp-content\/uploads\/2016\/09\/Catel_Liga-Local-Futbol-Sala-768x1086.jpg 768w, http:\/\/anoverdetajo.es\/deporte\/wp-content\/uploads\/2016\/09\/Catel_Liga-Local-Futbol-Sala-724x1024.jpg 724w, http:\/\/anoverdetajo.es\/deporte\/wp-content\/uploads\/2016\/09\/Catel_Liga-Local-Futbol-Sala.jpg 1754w\" sizes=\"(max-width: 212px) 100vw, 212px\" \/><\/p>\n","protected":false},"excerpt":{"rendered":"<p>\u00a1Ya est\u00e1 aqu\u00ed una nueva edici\u00f3n de nuestra liga local de f\u00fatbol sala 2016\/17! El campeonato dar\u00e1 comienzo el pr\u00f3ximo d\u00eda 5 de noviemnbre.<\/p>\n","protected":false},"author":2,"featured_media":2021,"comment_status":"open","ping_status":"open","sticky":false,"template":"","format":"standard","meta":[],"categories":[1,107],"tags":[144,143,45,25,142],"jetpack_featured_media_url":"http:\/\/anoverdetajo.es\/deporte\/wp-content\/uploads\/2016\/09\/Catel_Liga-Local-Futbol-Sala.jpg","_links":{"self":[{"href":"http:\/\/anoverdetajo.es\/deporte\/wp-json\/wp\/v2\/posts\/2052"}],"collection":[{"href":"http:\/\/anoverdetajo.es\/deporte\/wp-json\/wp\/v2\/posts"}],"about":[{"href":"http:\/\/anoverdetajo.es\/deporte\/wp-json\/wp\/v2\/types\/post"}],"author":[{"embeddable":true,"href":"http:\/\/anoverdetajo.es\/deporte\/wp-json\/wp\/v2\/users\/2"}],"replies":[{"embeddable":true,"href":"http:\/\/anoverdetajo.es\/deporte\/wp-json\/wp\/v2\/comments?post=2052"}],"version-history":[{"count":4,"href":"http:\/\/anoverdetajo.es\/deporte\/wp-json\/wp\/v2\/posts\/2052\/revisions"}],"predecessor-version":[{"id":2058,"href":"http:\/\/anoverdetajo.es\/deporte\/wp-json\/wp\/v2\/posts\/2052\/revisions\/2058"}],"wp:featuredmedia":[{"embeddable":true,"href":"http:\/\/anoverdetajo.es\/deporte\/wp-json\/wp\/v2\/media\/2021"}],"wp:attachment":[{"href":"http:\/\/anoverdetajo.es\/deporte\/wp-json\/wp\/v2\/media?parent=2052"}],"wp:term":[{"taxonomy":"category","embeddable":true,"href":"http:\/\/anoverdetajo.es\/deporte\/wp-json\/wp\/v2\/categories?post=2052"},{"taxonomy":"post_tag","embeddable":true,"href":"http:\/\/anoverdetajo.es\/deporte\/wp-json\/wp\/v2\/tags?post=2052"}],"curies":[{"name":"wp","href":"https:\/\/api.w.org\/{rel}","templated":true}]}}