{"id":1983,"date":"2016-08-05T11:45:33","date_gmt":"2016-08-05T09:45:33","guid":{"rendered":"http:\/\/anoverdetajo.es\/deporte\/?p=1983"},"modified":"2016-08-05T12:07:30","modified_gmt":"2016-08-05T10:07:30","slug":"gymkana-acuatica","status":"publish","type":"post","link":"http:\/\/anoverdetajo.es\/deporte\/gymkana-acuatica\/","title":{"rendered":"Gymkana Acu\u00e1tica"},"content":{"rendered":"<p style=\"text-align: justify;\">Abierto el plazo de inscripci\u00f3n para la primera edici\u00f3n de Gymkana Acu\u00e1tica en la Piscina Municipal.<!--more--><\/p>\n<p>\u00a1Ven a divertirte con tus amigos y participa en la Gymkana Acu\u00e1tica!<\/p>\n<p>Desde hoy hasta el mismo d\u00eda del evento podr\u00e1n realizar las inscripciones en la taquilla de la piscina de 12:00 h a 20:00 h. La inscripci\u00f3n ser\u00e1 totalente gratuita.<\/p>\n<p>Los grupos estar\u00e1n formados por 5 ni\u00f1os divididos en las siguientes categor\u00edas.<\/p>\n<ul>\n<li>Boquer\u00f3n: de 5 a 7 a\u00f1os.<\/li>\n<li>Delf\u00edn: de 8 a 11 a\u00f1os.<\/li>\n<li>Tibur\u00f3n: de 12 a 14 a\u00f1os.<\/li>\n<\/ul>\n<p>Todos los participantes recibir\u00e1n un obsequio.<\/p>\n<p><span style=\"text-decoration: underline;\">Documentos de inter\u00e9s<\/span><\/p>\n<ul>\n<li><\/li>\n<\/ul>\n<p>&nbsp;<\/p>\n<p style=\"text-align: center;\"><img loading=\"lazy\" class=\"aligncenter size-medium wp-image-1984\" src=\"http:\/\/anoverdetajo.es\/deporte\/wp-content\/uploads\/2016\/08\/Cartel-Gymkana-Acu\u00e1tica-2016-212x300.jpg\" alt=\"Cartel Gymkana Acu\u00e1tica 2016\" width=\"212\" height=\"300\" srcset=\"http:\/\/anoverdetajo.es\/deporte\/wp-content\/uploads\/2016\/08\/Cartel-Gymkana-Acu\u00e1tica-2016-212x300.jpg 212w, http:\/\/anoverdetajo.es\/deporte\/wp-content\/uploads\/2016\/08\/Cartel-Gymkana-Acu\u00e1tica-2016-768x1086.jpg 768w, http:\/\/anoverdetajo.es\/deporte\/wp-content\/uploads\/2016\/08\/Cartel-Gymkana-Acu\u00e1tica-2016-724x1024.jpg 724w, http:\/\/anoverdetajo.es\/deporte\/wp-content\/uploads\/2016\/08\/Cartel-Gymkana-Acu\u00e1tica-2016.jpg 1240w\" sizes=\"(max-width: 212px) 100vw, 212px\" \/><\/p>\n","protected":false},"excerpt":{"rendered":"<p>Abierto el plazo de inscripci\u00f3n para la primera edici\u00f3n de Gymkana Acu\u00e1tica en la Piscina Municipal.<\/p>\n","protected":false},"author":2,"featured_media":1984,"comment_status":"open","ping_status":"open","sticky":false,"template":"","format":"standard","meta":[],"categories":[1,107],"tags":[16,193,194],"jetpack_featured_media_url":"http:\/\/anoverdetajo.es\/deporte\/wp-content\/uploads\/2016\/08\/Cartel-Gymkana-Acu\u00e1tica-2016.jpg","_links":{"self":[{"href":"http:\/\/anoverdetajo.es\/deporte\/wp-json\/wp\/v2\/posts\/1983"}],"collection":[{"href":"http:\/\/anoverdetajo.es\/deporte\/wp-json\/wp\/v2\/posts"}],"about":[{"href":"http:\/\/anoverdetajo.es\/deporte\/wp-json\/wp\/v2\/types\/post"}],"author":[{"embeddable":true,"href":"http:\/\/anoverdetajo.es\/deporte\/wp-json\/wp\/v2\/users\/2"}],"replies":[{"embeddable":true,"href":"http:\/\/anoverdetajo.es\/deporte\/wp-json\/wp\/v2\/comments?post=1983"}],"version-history":[{"count":6,"href":"http:\/\/anoverdetajo.es\/deporte\/wp-json\/wp\/v2\/posts\/1983\/revisions"}],"predecessor-version":[{"id":1991,"href":"http:\/\/anoverdetajo.es\/deporte\/wp-json\/wp\/v2\/posts\/1983\/revisions\/1991"}],"wp:featuredmedia":[{"embeddable":true,"href":"http:\/\/anoverdetajo.es\/deporte\/wp-json\/wp\/v2\/media\/1984"}],"wp:attachment":[{"href":"http:\/\/anoverdetajo.es\/deporte\/wp-json\/wp\/v2\/media?parent=1983"}],"wp:term":[{"taxonomy":"category","embeddable":true,"href":"http:\/\/anoverdetajo.es\/deporte\/wp-json\/wp\/v2\/categories?post=1983"},{"taxonomy":"post_tag","embeddable":true,"href":"http:\/\/anoverdetajo.es\/deporte\/wp-json\/wp\/v2\/tags?post=1983"}],"curies":[{"name":"wp","href":"https:\/\/api.w.org\/{rel}","templated":true}]}}