{"id":1951,"date":"2016-09-01T12:42:09","date_gmt":"2016-09-01T10:42:09","guid":{"rendered":"http:\/\/anoverdetajo.es\/deporte\/?p=1951"},"modified":"2016-09-02T13:59:50","modified_gmt":"2016-09-02T11:59:50","slug":"programa-deportivo-municipal-2016-17","status":"publish","type":"post","link":"http:\/\/anoverdetajo.es\/deporte\/programa-deportivo-municipal-2016-17\/","title":{"rendered":"Programa Deportivo Municipal 2016-17"},"content":{"rendered":"<p style=\"text-align: justify;\">Se informa de la apertura del plazo de inscripci\u00f3n para las Actividades\u00a0Deportivas Municipales a partir del 1 de agosto\u00a0de 2016.<\/p>\n<p style=\"text-align: justify;\"><!--more--><\/p>\n<p style=\"text-align: justify;\">Ya est\u00e1 disponible el programa de actividades deportivas para la pr\u00f3xima temporada. Las solicitudes\u00a0 se presentar\u00e1n en el registro del Pabell\u00f3n Polideportivo Municipal\u00a0 desde el 1 de agosto\u00a0hasta las 14:00 horas del d\u00eda 22 de septiembre de 2016.<\/p>\n<p style=\"text-align: justify;\">La presentaci\u00f3n de las solicitudes se realizar\u00e1 en el modelo adjunto en el folleto informativo (junto a una fotograf\u00eda y fotocopia del DNI), que se podr\u00e1 obtener tambi\u00e9n en el registro del Pabell\u00f3n Polideportivo Municipal.<\/p>\n<p style=\"text-align: justify;\"><strong>DESCARGAR LA INFORMACI\u00d3N:<\/strong><\/p>\n<ul>\n<li style=\"text-align: justify;\"><\/li>\n<\/ul>\n<p><img loading=\"lazy\" class=\"aligncenter size-medium wp-image-1960\" src=\"http:\/\/anoverdetajo.es\/deporte\/wp-content\/uploads\/2016\/08\/Cartel-Programa-Actividades2016-2017-212x300.jpg\" alt=\"Cartel Programa Actividades2016-2017\" width=\"212\" height=\"300\" srcset=\"http:\/\/anoverdetajo.es\/deporte\/wp-content\/uploads\/2016\/08\/Cartel-Programa-Actividades2016-2017-212x300.jpg 212w, http:\/\/anoverdetajo.es\/deporte\/wp-content\/uploads\/2016\/08\/Cartel-Programa-Actividades2016-2017-768x1086.jpg 768w, http:\/\/anoverdetajo.es\/deporte\/wp-content\/uploads\/2016\/08\/Cartel-Programa-Actividades2016-2017-724x1024.jpg 724w, http:\/\/anoverdetajo.es\/deporte\/wp-content\/uploads\/2016\/08\/Cartel-Programa-Actividades2016-2017.jpg 1240w\" sizes=\"(max-width: 212px) 100vw, 212px\" \/><\/p>\n","protected":false},"excerpt":{"rendered":"<p>Se informa de la apertura del plazo de inscripci\u00f3n para las Actividades\u00a0Deportivas Municipales a partir del 1 de agosto\u00a0de 2016.<\/p>\n","protected":false},"author":2,"featured_media":1960,"comment_status":"open","ping_status":"open","sticky":false,"template":"","format":"standard","meta":[],"categories":[1,107],"tags":[131,176,44,187,125],"jetpack_featured_media_url":"http:\/\/anoverdetajo.es\/deporte\/wp-content\/uploads\/2016\/08\/Cartel-Programa-Actividades2016-2017.jpg","_links":{"self":[{"href":"http:\/\/anoverdetajo.es\/deporte\/wp-json\/wp\/v2\/posts\/1951"}],"collection":[{"href":"http:\/\/anoverdetajo.es\/deporte\/wp-json\/wp\/v2\/posts"}],"about":[{"href":"http:\/\/anoverdetajo.es\/deporte\/wp-json\/wp\/v2\/types\/post"}],"author":[{"embeddable":true,"href":"http:\/\/anoverdetajo.es\/deporte\/wp-json\/wp\/v2\/users\/2"}],"replies":[{"embeddable":true,"href":"http:\/\/anoverdetajo.es\/deporte\/wp-json\/wp\/v2\/comments?post=1951"}],"version-history":[{"count":7,"href":"http:\/\/anoverdetajo.es\/deporte\/wp-json\/wp\/v2\/posts\/1951\/revisions"}],"predecessor-version":[{"id":1973,"href":"http:\/\/anoverdetajo.es\/deporte\/wp-json\/wp\/v2\/posts\/1951\/revisions\/1973"}],"wp:featuredmedia":[{"embeddable":true,"href":"http:\/\/anoverdetajo.es\/deporte\/wp-json\/wp\/v2\/media\/1960"}],"wp:attachment":[{"href":"http:\/\/anoverdetajo.es\/deporte\/wp-json\/wp\/v2\/media?parent=1951"}],"wp:term":[{"taxonomy":"category","embeddable":true,"href":"http:\/\/anoverdetajo.es\/deporte\/wp-json\/wp\/v2\/categories?post=1951"},{"taxonomy":"post_tag","embeddable":true,"href":"http:\/\/anoverdetajo.es\/deporte\/wp-json\/wp\/v2\/tags?post=1951"}],"curies":[{"name":"wp","href":"https:\/\/api.w.org\/{rel}","templated":true}]}}