{"id":193,"date":"2014-06-09T08:00:14","date_gmt":"2014-06-09T06:00:14","guid":{"rendered":"http:\/\/anoverdetajo.es\/deporte\/?p=193"},"modified":"2014-06-09T13:21:53","modified_gmt":"2014-06-09T11:21:53","slug":"cursillos-de-natacion-2014","status":"publish","type":"post","link":"http:\/\/anoverdetajo.es\/deporte\/cursillos-de-natacion-2014\/","title":{"rendered":"Cursillos de Nataci\u00f3n 2014"},"content":{"rendered":"<p style=\"text-align: justify;\">La Diputaci\u00f3n Provincial de Toledo, desde el \u00e1rea de deportes, en colaboraci\u00f3n con el Ayuntamiento de A\u00f1over de Tajo convocan la Campa\u00f1a de Nataci\u00f3n 2014.<\/p>\n<p style=\"text-align: justify;\"><!--more--><\/p>\n<p style=\"text-align: justify;\">LUGAR Y PLAZO DE INSCRIPCI\u00d3N<\/p>\n<ul style=\"text-align: justify;\">\n<li><span style=\"line-height: 13px;\">En el Pabell\u00f3n Polideportivo de 9 a 14,00 horas.\u00a0<\/span><\/li>\n<li>El plazo es del 9\u00a0al 20\u00a0de junio a las 14,00 horas, siempre que queden plazas libres.<\/li>\n<li>Los cursillos dar\u00e1n comienzo el 23 de junio.<\/li>\n<\/ul>\n<p style=\"text-align: justify;\">EDADES Y PRECIOS<\/p>\n<ul style=\"text-align: justify;\">\n<li><span style=\"line-height: 13px;\">Iniciaci\u00f3n: nacidos en 2009, 2010 y 2011\u00a0(30,00\u20ac)<\/span><\/li>\n<li>Ense\u00f1anza y perfeccionamiento: nacidos del 1997 al 2008 (30,00\u20ac)<\/li>\n<li>Adultos: nacidos antes del 1997 al (36,00\u20ac)<\/li>\n<\/ul>\n<p style=\"text-align: justify;\">FORMA DE PAGO<\/p>\n<ul style=\"text-align: justify;\">\n<li>En Caja Rural de Toledo.<\/li>\n<\/ul>\n<p style=\"text-align: justify;\">N\u00daMERO M\u00c1XIMO DE ALUMNOS POR CURSILLO<\/p>\n<ul style=\"text-align: justify;\">\n<li><span style=\"line-height: 13px;\">12 alumnos para los grupos de iniciaci\u00f3n.\u00a0<\/span><\/li>\n<li>30 alumnos para ense\u00f1anza-perfeccionamiento.<\/li>\n<li>15 alumnos para el grupo de adultos (8 adultos m\u00ednimo)<\/li>\n<\/ul>\n<p><img loading=\"lazy\" class=\"aligncenter wp-image-810 size-medium\" src=\"http:\/\/anoverdetajo.es\/deporte\/wp-content\/uploads\/2014\/06\/Cartel_Natacion2014-300x212.jpg\" alt=\"Cartel_Natacion2014\" width=\"300\" height=\"212\" srcset=\"http:\/\/anoverdetajo.es\/deporte\/wp-content\/uploads\/2014\/06\/Cartel_Natacion2014-300x212.jpg 300w, http:\/\/anoverdetajo.es\/deporte\/wp-content\/uploads\/2014\/06\/Cartel_Natacion2014-1024x723.jpg 1024w, http:\/\/anoverdetajo.es\/deporte\/wp-content\/uploads\/2014\/06\/Cartel_Natacion2014-900x636.jpg 900w, http:\/\/anoverdetajo.es\/deporte\/wp-content\/uploads\/2014\/06\/Cartel_Natacion2014.jpg 1191w\" sizes=\"(max-width: 300px) 100vw, 300px\" \/><\/p>\n<p style=\"text-align: justify;\">\n","protected":false},"excerpt":{"rendered":"<p>La Diputaci\u00f3n Provincial de Toledo, desde el \u00e1rea de deportes, en colaboraci\u00f3n con el Ayuntamiento de A\u00f1over de Tajo convocan la Campa\u00f1a de Nataci\u00f3n 2014.<\/p>\n","protected":false},"author":2,"featured_media":799,"comment_status":"open","ping_status":"open","sticky":false,"template":"","format":"standard","meta":[],"categories":[1],"tags":[11,3],"jetpack_featured_media_url":"http:\/\/anoverdetajo.es\/deporte\/wp-content\/uploads\/2013\/06\/natacion2014.jpg","_links":{"self":[{"href":"http:\/\/anoverdetajo.es\/deporte\/wp-json\/wp\/v2\/posts\/193"}],"collection":[{"href":"http:\/\/anoverdetajo.es\/deporte\/wp-json\/wp\/v2\/posts"}],"about":[{"href":"http:\/\/anoverdetajo.es\/deporte\/wp-json\/wp\/v2\/types\/post"}],"author":[{"embeddable":true,"href":"http:\/\/anoverdetajo.es\/deporte\/wp-json\/wp\/v2\/users\/2"}],"replies":[{"embeddable":true,"href":"http:\/\/anoverdetajo.es\/deporte\/wp-json\/wp\/v2\/comments?post=193"}],"version-history":[{"count":0,"href":"http:\/\/anoverdetajo.es\/deporte\/wp-json\/wp\/v2\/posts\/193\/revisions"}],"wp:featuredmedia":[{"embeddable":true,"href":"http:\/\/anoverdetajo.es\/deporte\/wp-json\/wp\/v2\/media\/799"}],"wp:attachment":[{"href":"http:\/\/anoverdetajo.es\/deporte\/wp-json\/wp\/v2\/media?parent=193"}],"wp:term":[{"taxonomy":"category","embeddable":true,"href":"http:\/\/anoverdetajo.es\/deporte\/wp-json\/wp\/v2\/categories?post=193"},{"taxonomy":"post_tag","embeddable":true,"href":"http:\/\/anoverdetajo.es\/deporte\/wp-json\/wp\/v2\/tags?post=193"}],"curies":[{"name":"wp","href":"https:\/\/api.w.org\/{rel}","templated":true}]}}