{"id":1927,"date":"2016-06-27T10:26:33","date_gmt":"2016-06-27T08:26:33","guid":{"rendered":"http:\/\/anoverdetajo.es\/deporte\/?p=1927"},"modified":"2016-06-27T12:30:36","modified_gmt":"2016-06-27T10:30:36","slug":"ampliacion-plazo-inscripcion","status":"publish","type":"post","link":"http:\/\/anoverdetajo.es\/deporte\/ampliacion-plazo-inscripcion\/","title":{"rendered":"Ampliaci\u00f3n del plazo de inscripcion"},"content":{"rendered":"<p style=\"text-align: justify;\">Ampliaci\u00f3n del plazo de inscripci\u00f3n en la actividad de Aquerobic hasta el 30 de junio, y segundo turno de Nataci\u00f3n hasta 14 de julio.<\/p>\n<p><!--more--><\/p>\n<p><img loading=\"lazy\" class=\"aligncenter size-medium wp-image-813\" src=\"http:\/\/anoverdetajo.es\/deporte\/wp-content\/uploads\/2014\/06\/Cartel_Aquarobic-300x212.jpg\" alt=\"Cartel_Aquarobic\" width=\"300\" height=\"212\" srcset=\"http:\/\/anoverdetajo.es\/deporte\/wp-content\/uploads\/2014\/06\/Cartel_Aquarobic-300x212.jpg 300w, http:\/\/anoverdetajo.es\/deporte\/wp-content\/uploads\/2014\/06\/Cartel_Aquarobic-1024x723.jpg 1024w, http:\/\/anoverdetajo.es\/deporte\/wp-content\/uploads\/2014\/06\/Cartel_Aquarobic-900x636.jpg 900w, http:\/\/anoverdetajo.es\/deporte\/wp-content\/uploads\/2014\/06\/Cartel_Aquarobic.jpg 1191w\" sizes=\"(max-width: 300px) 100vw, 300px\" \/><\/p>\n","protected":false},"excerpt":{"rendered":"<p>Ampliaci\u00f3n del plazo de inscripci\u00f3n en la actividad de Aquerobic hasta el 30 de junio, y segundo turno de Nataci\u00f3n hasta 14 de julio.<\/p>\n","protected":false},"author":2,"featured_media":810,"comment_status":"open","ping_status":"open","sticky":false,"template":"","format":"standard","meta":[],"categories":[1,107],"tags":[116,11],"jetpack_featured_media_url":"http:\/\/anoverdetajo.es\/deporte\/wp-content\/uploads\/2014\/06\/Cartel_Natacion2014.jpg","_links":{"self":[{"href":"http:\/\/anoverdetajo.es\/deporte\/wp-json\/wp\/v2\/posts\/1927"}],"collection":[{"href":"http:\/\/anoverdetajo.es\/deporte\/wp-json\/wp\/v2\/posts"}],"about":[{"href":"http:\/\/anoverdetajo.es\/deporte\/wp-json\/wp\/v2\/types\/post"}],"author":[{"embeddable":true,"href":"http:\/\/anoverdetajo.es\/deporte\/wp-json\/wp\/v2\/users\/2"}],"replies":[{"embeddable":true,"href":"http:\/\/anoverdetajo.es\/deporte\/wp-json\/wp\/v2\/comments?post=1927"}],"version-history":[{"count":3,"href":"http:\/\/anoverdetajo.es\/deporte\/wp-json\/wp\/v2\/posts\/1927\/revisions"}],"predecessor-version":[{"id":1930,"href":"http:\/\/anoverdetajo.es\/deporte\/wp-json\/wp\/v2\/posts\/1927\/revisions\/1930"}],"wp:featuredmedia":[{"embeddable":true,"href":"http:\/\/anoverdetajo.es\/deporte\/wp-json\/wp\/v2\/media\/810"}],"wp:attachment":[{"href":"http:\/\/anoverdetajo.es\/deporte\/wp-json\/wp\/v2\/media?parent=1927"}],"wp:term":[{"taxonomy":"category","embeddable":true,"href":"http:\/\/anoverdetajo.es\/deporte\/wp-json\/wp\/v2\/categories?post=1927"},{"taxonomy":"post_tag","embeddable":true,"href":"http:\/\/anoverdetajo.es\/deporte\/wp-json\/wp\/v2\/tags?post=1927"}],"curies":[{"name":"wp","href":"https:\/\/api.w.org\/{rel}","templated":true}]}}