{"id":1889,"date":"2016-05-30T20:30:46","date_gmt":"2016-05-30T18:30:46","guid":{"rendered":"http:\/\/anoverdetajo.es\/deporte\/?p=1889"},"modified":"2016-05-30T20:32:28","modified_gmt":"2016-05-30T18:32:28","slug":"i-campus-de-futbol-base","status":"publish","type":"post","link":"http:\/\/anoverdetajo.es\/deporte\/i-campus-de-futbol-base\/","title":{"rendered":"I Campus de F\u00fatbol Base"},"content":{"rendered":"<p style=\"text-align: justify;\">Organizado por el F.C.A\u00f1over con la colaboraci\u00f3n del Ayuntamiento se abre el plazo de inscripci\u00f3n para I Campus de F\u00fatbol Base F.C. A\u00f1over.<\/p>\n<p style=\"text-align: justify;\"><!--more--><\/p>\n<h3 style=\"text-align: justify;\">Instalaciones<\/h3>\n<p style=\"text-align: justify;\">El campus se desarrollar\u00e1 en las instalaciones deportivas del Ayuntamiento de A\u00f1over de Tajo (Campo de F\u00fatbol, Pabell\u00f3n Polideportivo y Piscina Municipal).<\/p>\n<h3 style=\"text-align: justify;\">Fechas y horarios<\/h3>\n<p style=\"text-align: justify;\">Este Campus se desarrollar\u00e1 de\u00a0lunes a viernes de 9 a 14:00h y contar\u00e1 con 3 turnos:<\/p>\n<p style=\"text-align: justify;\">Turno 1: Del 27 de junio al 1 de julio.<br \/>\nTurno 2: Del 4 al 8 de julio.<br \/>\nTurno 3: Del 11 al 15 de julio.<\/p>\n<p style=\"text-align: justify;\">Adem\u00e1s se ofrece la posibilidad de asistir tres turnos.<\/p>\n<h3 style=\"text-align: justify;\">Edad<\/h3>\n<p style=\"text-align: justify;\">El campus est\u00e1 dirigido a ni\u00f1os\/as de 6 a 13 a\u00f1os (nacidos entre 2002-2009). Los grupos se dividir\u00e1n en formaci\u00f3n (de 6 a 9 a\u00f1os) y especializaci\u00f3n (de 10 a 13 a\u00f1os)<\/p>\n<h3 style=\"text-align: justify;\">Equipaci\u00f3n y material<\/h3>\n<p style=\"text-align: justify;\">Los participantes del Campus recibir\u00e1n un Kit de Bienvenida que constar\u00e1 de dos camisetas y dos pantalones de entrenamiento. Adem\u00e1s, durante el Campus dispondr\u00e1n de almuerzo diario, hidratacion durante la pr\u00e1ctica, acceso a la piscina municipal, material deportivo y diploma de participaci\u00f3n.<\/p>\n<h3 style=\"text-align: justify;\">El ni\u00f1o traer\u00e1<\/h3>\n<p style=\"text-align: justify;\">Toalla para piscina y ducha, ba\u00f1ador, chanclas, jab\u00f3n y champ\u00fa, protecci\u00f3n solar, calzado deportivo (para la pista del polideportivo) y botas de f\u00fatbol (para el c\u00e9sped del campo de f\u00fatbol).<\/p>\n<h3 style=\"text-align: justify;\">Precios<\/h3>\n<div style=\"text-align: justify;\">\n<p>Turno una semana<br \/>\n27\/06 al 01\/07 \u2013 60\u20ac<br \/>\n04\/07 al 08\/07 \u2013 60\u20ac<br \/>\n11\/07 al 15\/07 \u2013 60\u20ac<\/p>\n<\/div>\n<p style=\"text-align: justify;\">Turno dos semanas<br \/>\n105 \u20ac<\/p>\n<p style=\"text-align: justify;\">Turno tres semanas<br \/>\n145 \u20ac<\/p>\n<h3>Descarga toda la informaci\u00f3n<\/h3>\n<p><br \/>\n<a class=\"download-link\" title=\"\" href=\"http:\/\/anoverdetajo.es\/deporte\/download\/3251\/\" rel=\"nofollow\">\n\tInformaci\u00f3n y Normativa\t(420 descargas)\n<\/a><\/p>\n<p><img loading=\"lazy\" class=\"aligncenter size-medium wp-image-1891\" src=\"http:\/\/anoverdetajo.es\/deporte\/wp-content\/uploads\/2016\/05\/CartelInscripci\u00f3n-232x300.jpg\" alt=\"Cartel+Inscripci\u00f3n\" width=\"232\" height=\"300\" srcset=\"http:\/\/anoverdetajo.es\/deporte\/wp-content\/uploads\/2016\/05\/CartelInscripci\u00f3n-232x300.jpg 232w, http:\/\/anoverdetajo.es\/deporte\/wp-content\/uploads\/2016\/05\/CartelInscripci\u00f3n-768x994.jpg 768w, http:\/\/anoverdetajo.es\/deporte\/wp-content\/uploads\/2016\/05\/CartelInscripci\u00f3n-791x1024.jpg 791w, http:\/\/anoverdetajo.es\/deporte\/wp-content\/uploads\/2016\/05\/CartelInscripci\u00f3n-900x1165.jpg 900w, http:\/\/anoverdetajo.es\/deporte\/wp-content\/uploads\/2016\/05\/CartelInscripci\u00f3n.jpg 1275w\" sizes=\"(max-width: 232px) 100vw, 232px\" \/><\/p>\n","protected":false},"excerpt":{"rendered":"<p>Organizado por el F.C.A\u00f1over con la colaboraci\u00f3n del Ayuntamiento se abre el plazo de inscripci\u00f3n para I Campus de F\u00fatbol Base F.C. A\u00f1over.<\/p>\n","protected":false},"author":2,"featured_media":1891,"comment_status":"open","ping_status":"open","sticky":false,"template":"","format":"standard","meta":[],"categories":[1,107],"tags":[181,182,45],"jetpack_featured_media_url":"http:\/\/anoverdetajo.es\/deporte\/wp-content\/uploads\/2016\/05\/CartelInscripci\u00f3n.jpg","_links":{"self":[{"href":"http:\/\/anoverdetajo.es\/deporte\/wp-json\/wp\/v2\/posts\/1889"}],"collection":[{"href":"http:\/\/anoverdetajo.es\/deporte\/wp-json\/wp\/v2\/posts"}],"about":[{"href":"http:\/\/anoverdetajo.es\/deporte\/wp-json\/wp\/v2\/types\/post"}],"author":[{"embeddable":true,"href":"http:\/\/anoverdetajo.es\/deporte\/wp-json\/wp\/v2\/users\/2"}],"replies":[{"embeddable":true,"href":"http:\/\/anoverdetajo.es\/deporte\/wp-json\/wp\/v2\/comments?post=1889"}],"version-history":[{"count":5,"href":"http:\/\/anoverdetajo.es\/deporte\/wp-json\/wp\/v2\/posts\/1889\/revisions"}],"predecessor-version":[{"id":1895,"href":"http:\/\/anoverdetajo.es\/deporte\/wp-json\/wp\/v2\/posts\/1889\/revisions\/1895"}],"wp:featuredmedia":[{"embeddable":true,"href":"http:\/\/anoverdetajo.es\/deporte\/wp-json\/wp\/v2\/media\/1891"}],"wp:attachment":[{"href":"http:\/\/anoverdetajo.es\/deporte\/wp-json\/wp\/v2\/media?parent=1889"}],"wp:term":[{"taxonomy":"category","embeddable":true,"href":"http:\/\/anoverdetajo.es\/deporte\/wp-json\/wp\/v2\/categories?post=1889"},{"taxonomy":"post_tag","embeddable":true,"href":"http:\/\/anoverdetajo.es\/deporte\/wp-json\/wp\/v2\/tags?post=1889"}],"curies":[{"name":"wp","href":"https:\/\/api.w.org\/{rel}","templated":true}]}}