{"id":1864,"date":"2016-05-26T14:30:27","date_gmt":"2016-05-26T12:30:27","guid":{"rendered":"http:\/\/anoverdetajo.es\/deporte\/?p=1864"},"modified":"2016-06-02T12:33:08","modified_gmt":"2016-06-02T10:33:08","slug":"iv-torneo-de-voleibol-mixto-6x6","status":"publish","type":"post","link":"http:\/\/anoverdetajo.es\/deporte\/iv-torneo-de-voleibol-mixto-6x6\/","title":{"rendered":"IV Torneo de Voleibol Mixto (6\u00d76)"},"content":{"rendered":"<p>Abierto el plazo de inscripci\u00f3n hasta el 2 de junio para la cuarta edici\u00f3n del Torneo de Voleibol modalidad mixta. El torneo tendr\u00e1 su inicio el 4 de junio.<\/p>\n<p><!--more--><\/p>\n<p>Ponemos en\u00a0marcha una nueva edici\u00f3n del Torneo de Voleibol Mixto para la Temporada 2016. La informaci\u00f3n m\u00e1s destacada a tener en cuenta es:<\/p>\n<ul>\n<li>Modalidad: 6\u00d76 MIXTO (siempre habr\u00e1 2 chicas en pista).<\/li>\n<li>D\u00edas del torneo: 4 de mayo (ma\u00f1ana y tarde) y 5 de mayo (por la tarde)<\/li>\n<li>M\u00e1ximo 16 equipos<\/li>\n<li>Tipo de competici\u00f3n: fase de liguilla y eliminatorias.<\/li>\n<li>Premios: para los 4 primeros clasificados de liga oro y plata.<\/li>\n<li>Inscripci\u00f3n: 30 euros por equipo<\/li>\n<li>Plazo de inscripci\u00f3n hasta el 2 de junio.<\/li>\n<\/ul>\n<p>Informaci\u00f3n e inscripciones en el pabell\u00f3n polideportivo de 8:00 a 15:00 horas, en el tel\u00e9fono 625 28 04 05 o en el correo electr\u00f3nico coordinador@anoverdetajo.es<\/p>\n<p>Puedes descargarte toda la informaci\u00f3n en los siguientes enlaces:<\/p>\n<ul>\n<li><\/li>\n<li><\/li>\n<li><\/li>\n<\/ul>\n<p><img loading=\"lazy\" class=\"aligncenter size-medium wp-image-1865\" src=\"http:\/\/anoverdetajo.es\/deporte\/wp-content\/uploads\/2016\/05\/Cartel.TorneoVbolMixto-212x300.jpg\" alt=\"Cartel.TorneoVbolMixto\" width=\"212\" height=\"300\" srcset=\"http:\/\/anoverdetajo.es\/deporte\/wp-content\/uploads\/2016\/05\/Cartel.TorneoVbolMixto-212x300.jpg 212w, http:\/\/anoverdetajo.es\/deporte\/wp-content\/uploads\/2016\/05\/Cartel.TorneoVbolMixto-768x1086.jpg 768w, http:\/\/anoverdetajo.es\/deporte\/wp-content\/uploads\/2016\/05\/Cartel.TorneoVbolMixto-724x1024.jpg 724w, http:\/\/anoverdetajo.es\/deporte\/wp-content\/uploads\/2016\/05\/Cartel.TorneoVbolMixto-900x1273.jpg 900w, http:\/\/anoverdetajo.es\/deporte\/wp-content\/uploads\/2016\/05\/Cartel.TorneoVbolMixto.jpg 1240w\" sizes=\"(max-width: 212px) 100vw, 212px\" \/><\/p>\n","protected":false},"excerpt":{"rendered":"<p>Abierto el plazo de inscripci\u00f3n hasta el 2 de junio para la cuarta edici\u00f3n del Torneo de Voleibol modalidad mixta. El torneo tendr\u00e1 su inicio el 4 de junio.<\/p>\n","protected":false},"author":2,"featured_media":1865,"comment_status":"open","ping_status":"open","sticky":false,"template":"","format":"standard","meta":[],"categories":[1,107],"tags":[174,87,17],"jetpack_featured_media_url":"http:\/\/anoverdetajo.es\/deporte\/wp-content\/uploads\/2016\/05\/Cartel.TorneoVbolMixto.jpg","_links":{"self":[{"href":"http:\/\/anoverdetajo.es\/deporte\/wp-json\/wp\/v2\/posts\/1864"}],"collection":[{"href":"http:\/\/anoverdetajo.es\/deporte\/wp-json\/wp\/v2\/posts"}],"about":[{"href":"http:\/\/anoverdetajo.es\/deporte\/wp-json\/wp\/v2\/types\/post"}],"author":[{"embeddable":true,"href":"http:\/\/anoverdetajo.es\/deporte\/wp-json\/wp\/v2\/users\/2"}],"replies":[{"embeddable":true,"href":"http:\/\/anoverdetajo.es\/deporte\/wp-json\/wp\/v2\/comments?post=1864"}],"version-history":[{"count":1,"href":"http:\/\/anoverdetajo.es\/deporte\/wp-json\/wp\/v2\/posts\/1864\/revisions"}],"predecessor-version":[{"id":1866,"href":"http:\/\/anoverdetajo.es\/deporte\/wp-json\/wp\/v2\/posts\/1864\/revisions\/1866"}],"wp:featuredmedia":[{"embeddable":true,"href":"http:\/\/anoverdetajo.es\/deporte\/wp-json\/wp\/v2\/media\/1865"}],"wp:attachment":[{"href":"http:\/\/anoverdetajo.es\/deporte\/wp-json\/wp\/v2\/media?parent=1864"}],"wp:term":[{"taxonomy":"category","embeddable":true,"href":"http:\/\/anoverdetajo.es\/deporte\/wp-json\/wp\/v2\/categories?post=1864"},{"taxonomy":"post_tag","embeddable":true,"href":"http:\/\/anoverdetajo.es\/deporte\/wp-json\/wp\/v2\/tags?post=1864"}],"curies":[{"name":"wp","href":"https:\/\/api.w.org\/{rel}","templated":true}]}}