{"id":1723,"date":"2016-02-09T14:05:15","date_gmt":"2016-02-09T13:05:15","guid":{"rendered":"http:\/\/anoverdetajo.es\/deporte\/?p=1723"},"modified":"2016-02-09T14:10:25","modified_gmt":"2016-02-09T13:10:25","slug":"taller-de-autodefensa-para-mujeres","status":"publish","type":"post","link":"http:\/\/anoverdetajo.es\/deporte\/taller-de-autodefensa-para-mujeres\/","title":{"rendered":"Taller de autodefensa para mujeres"},"content":{"rendered":"<p style=\"text-align: justify;\">El pr\u00f3ximo 6\u00a0de marzo\u00a0de 10 a 13h. en el Polideportivo Municipal\u00a0se celebrar\u00e1 un taller de Defensa Personal con motivo de la celebraci\u00f3n del D\u00eda Internacional de la Mujer.<\/p>\n<p><!--more--><\/p>\n<p style=\"text-align: justify;\">El taller ser\u00e1 impartido por el Maestro de Karate, Tai-Jitsu y King-Boxing\u00a0D. F\u00e9lix Vara Ugena, del C.D. Takayama.\u00a0Ser\u00e1 un taller gratuito para todos los asistentes y no ser\u00e1 preciso inscripci\u00f3n previa.<\/p>\n<p><img loading=\"lazy\" class=\"aligncenter size-medium wp-image-1724\" src=\"http:\/\/anoverdetajo.es\/deporte\/wp-content\/uploads\/2016\/02\/Taller-autodefensa-femenina-212x300.jpg\" alt=\"Taller autodefensa femenina\" width=\"212\" height=\"300\" srcset=\"http:\/\/anoverdetajo.es\/deporte\/wp-content\/uploads\/2016\/02\/Taller-autodefensa-femenina-212x300.jpg 212w, http:\/\/anoverdetajo.es\/deporte\/wp-content\/uploads\/2016\/02\/Taller-autodefensa-femenina-768x1086.jpg 768w, http:\/\/anoverdetajo.es\/deporte\/wp-content\/uploads\/2016\/02\/Taller-autodefensa-femenina-724x1024.jpg 724w, http:\/\/anoverdetajo.es\/deporte\/wp-content\/uploads\/2016\/02\/Taller-autodefensa-femenina-900x1273.jpg 900w, http:\/\/anoverdetajo.es\/deporte\/wp-content\/uploads\/2016\/02\/Taller-autodefensa-femenina.jpg 1754w\" sizes=\"(max-width: 212px) 100vw, 212px\" \/><\/p>\n","protected":false},"excerpt":{"rendered":"<p>El pr\u00f3ximo 6\u00a0de marzo\u00a0de 10 a 13h. en el Polideportivo Municipal\u00a0se celebrar\u00e1 un taller de Defensa Personal con motivo de la celebraci\u00f3n del D\u00eda Internacional de la Mujer.<\/p>\n","protected":false},"author":2,"featured_media":1724,"comment_status":"open","ping_status":"open","sticky":false,"template":"","format":"standard","meta":[],"categories":[1,107],"tags":[157,156,36,159,158],"jetpack_featured_media_url":"http:\/\/anoverdetajo.es\/deporte\/wp-content\/uploads\/2016\/02\/Taller-autodefensa-femenina.jpg","_links":{"self":[{"href":"http:\/\/anoverdetajo.es\/deporte\/wp-json\/wp\/v2\/posts\/1723"}],"collection":[{"href":"http:\/\/anoverdetajo.es\/deporte\/wp-json\/wp\/v2\/posts"}],"about":[{"href":"http:\/\/anoverdetajo.es\/deporte\/wp-json\/wp\/v2\/types\/post"}],"author":[{"embeddable":true,"href":"http:\/\/anoverdetajo.es\/deporte\/wp-json\/wp\/v2\/users\/2"}],"replies":[{"embeddable":true,"href":"http:\/\/anoverdetajo.es\/deporte\/wp-json\/wp\/v2\/comments?post=1723"}],"version-history":[{"count":3,"href":"http:\/\/anoverdetajo.es\/deporte\/wp-json\/wp\/v2\/posts\/1723\/revisions"}],"predecessor-version":[{"id":1727,"href":"http:\/\/anoverdetajo.es\/deporte\/wp-json\/wp\/v2\/posts\/1723\/revisions\/1727"}],"wp:featuredmedia":[{"embeddable":true,"href":"http:\/\/anoverdetajo.es\/deporte\/wp-json\/wp\/v2\/media\/1724"}],"wp:attachment":[{"href":"http:\/\/anoverdetajo.es\/deporte\/wp-json\/wp\/v2\/media?parent=1723"}],"wp:term":[{"taxonomy":"category","embeddable":true,"href":"http:\/\/anoverdetajo.es\/deporte\/wp-json\/wp\/v2\/categories?post=1723"},{"taxonomy":"post_tag","embeddable":true,"href":"http:\/\/anoverdetajo.es\/deporte\/wp-json\/wp\/v2\/tags?post=1723"}],"curies":[{"name":"wp","href":"https:\/\/api.w.org\/{rel}","templated":true}]}}