{"id":1377,"date":"2015-08-06T09:00:03","date_gmt":"2015-08-06T07:00:03","guid":{"rendered":"http:\/\/anoverdetajo.es\/deporte\/?p=1377"},"modified":"2015-08-10T13:26:38","modified_gmt":"2015-08-10T11:26:38","slug":"programacion-deportiva-municipal-2015-2016","status":"publish","type":"post","link":"http:\/\/anoverdetajo.es\/deporte\/programacion-deportiva-municipal-2015-2016\/","title":{"rendered":"Programaci\u00f3n Deportiva Municipal 2015-16"},"content":{"rendered":"<p style=\"text-align: justify;\">Se informa de la apertura del plazo de inscripci\u00f3n para las Actividades\u00a0Deportivas Municipales a partir del 5\u00a0de agosto\u00a0de 2015.<\/p>\n<p style=\"text-align: justify;\"><!--more--><\/p>\n<p style=\"text-align: justify;\">Ya est\u00e1 disponible el programa de actividades deportivas para la temporada que viene.\u00a0Los vecinos ya pueden consultar en el folleto todo lo relacionado con los servicios deportivos que ofrece el Ayuntamiento.<\/p>\n<p style=\"text-align: justify;\">Las solicitudes\u00a0 se presentar\u00e1n en el registro del Pabell\u00f3n Polideportivo Municipal, sito en calle Reina Sof\u00eda \u00a0s\/n,\u00a0 desde el 5 de agosto\u00a0hasta las 14:00 horas del d\u00eda 18\u00a0de septiembre de 2015.<\/p>\n<p style=\"text-align: justify;\">La presentaci\u00f3n de las solicitudes se realizar\u00e1 en el modelo adjunto en el folleto informativo, que se podr\u00e1 obtener tambi\u00e9n en el registro del Pabell\u00f3n Polideportivo Municipal.<\/p>\n<p><strong>DESCARGAR LA INFORMACI\u00d3N:<\/strong><\/p>\n<ul>\n<li><\/li>\n<li><\/li>\n<\/ul>\n<p><a href=\"http:\/\/anoverdetajo.es\/deporte\/wp-content\/uploads\/2015\/08\/Cartel_Actividades_Deportivas_2015-2016-1.jpg\"><img loading=\"lazy\" class=\"aligncenter size-medium wp-image-1382\" src=\"http:\/\/anoverdetajo.es\/deporte\/wp-content\/uploads\/2015\/08\/Cartel_Actividades_Deportivas_2015-2016-1-212x300.jpg\" alt=\"Cartel_Actividades_Deportivas_2015-2016 (1)\" width=\"212\" height=\"300\" srcset=\"http:\/\/anoverdetajo.es\/deporte\/wp-content\/uploads\/2015\/08\/Cartel_Actividades_Deportivas_2015-2016-1-212x300.jpg 212w, http:\/\/anoverdetajo.es\/deporte\/wp-content\/uploads\/2015\/08\/Cartel_Actividades_Deportivas_2015-2016-1-724x1024.jpg 724w, http:\/\/anoverdetajo.es\/deporte\/wp-content\/uploads\/2015\/08\/Cartel_Actividades_Deportivas_2015-2016-1.jpg 842w\" sizes=\"(max-width: 212px) 100vw, 212px\" \/><\/a><\/p>\n<p>&nbsp;<\/p>\n<p>&nbsp;<\/p>\n<p>&nbsp;<\/p>\n","protected":false},"excerpt":{"rendered":"<p>Se informa de la apertura del plazo de inscripci\u00f3n para las Actividades\u00a0Deportivas Municipales a partir del 5\u00a0de agosto\u00a0de 2015.<\/p>\n","protected":false},"author":2,"featured_media":1382,"comment_status":"open","ping_status":"open","sticky":false,"template":"","format":"standard","meta":[],"categories":[1,107],"tags":[126,62,44,124,123,127,125],"jetpack_featured_media_url":"http:\/\/anoverdetajo.es\/deporte\/wp-content\/uploads\/2015\/08\/Cartel_Actividades_Deportivas_2015-2016-1.jpg","_links":{"self":[{"href":"http:\/\/anoverdetajo.es\/deporte\/wp-json\/wp\/v2\/posts\/1377"}],"collection":[{"href":"http:\/\/anoverdetajo.es\/deporte\/wp-json\/wp\/v2\/posts"}],"about":[{"href":"http:\/\/anoverdetajo.es\/deporte\/wp-json\/wp\/v2\/types\/post"}],"author":[{"embeddable":true,"href":"http:\/\/anoverdetajo.es\/deporte\/wp-json\/wp\/v2\/users\/2"}],"replies":[{"embeddable":true,"href":"http:\/\/anoverdetajo.es\/deporte\/wp-json\/wp\/v2\/comments?post=1377"}],"version-history":[{"count":0,"href":"http:\/\/anoverdetajo.es\/deporte\/wp-json\/wp\/v2\/posts\/1377\/revisions"}],"wp:featuredmedia":[{"embeddable":true,"href":"http:\/\/anoverdetajo.es\/deporte\/wp-json\/wp\/v2\/media\/1382"}],"wp:attachment":[{"href":"http:\/\/anoverdetajo.es\/deporte\/wp-json\/wp\/v2\/media?parent=1377"}],"wp:term":[{"taxonomy":"category","embeddable":true,"href":"http:\/\/anoverdetajo.es\/deporte\/wp-json\/wp\/v2\/categories?post=1377"},{"taxonomy":"post_tag","embeddable":true,"href":"http:\/\/anoverdetajo.es\/deporte\/wp-json\/wp\/v2\/tags?post=1377"}],"curies":[{"name":"wp","href":"https:\/\/api.w.org\/{rel}","templated":true}]}}