{"id":1367,"date":"2015-08-03T08:20:06","date_gmt":"2015-08-03T06:20:06","guid":{"rendered":"http:\/\/anoverdetajo.es\/deporte\/?p=1367"},"modified":"2015-08-03T08:20:48","modified_gmt":"2015-08-03T06:20:48","slug":"aviso-importante","status":"publish","type":"post","link":"http:\/\/anoverdetajo.es\/deporte\/aviso-importante\/","title":{"rendered":"Aviso importante"},"content":{"rendered":"<p style=\"text-align: justify;\">Se pone en conocimiento de los vecinos que el vaso de chapoteo (piscina peque\u00f1a) de la Piscina Municipal permanecer\u00e1 cerrado al ba\u00f1o durante el lunes 3 de agosto debido a\u00a0labores de mantenimiento. Se\u00a0proceder\u00e1 a su reapertura el martes 4 de agosto. Disculpen las molestias.<\/p>\n","protected":false},"excerpt":{"rendered":"<p>Se pone en conocimiento de los vecinos que el vaso de chapoteo (piscina peque\u00f1a) de la Piscina Municipal permanecer\u00e1 cerrado al ba\u00f1o durante el lunes 3 de agosto debido a\u00a0labores de mantenimiento. Se\u00a0proceder\u00e1 a su reapertura el martes 4 de agosto. Disculpen las molestias.<\/p>\n","protected":false},"author":2,"featured_media":840,"comment_status":"open","ping_status":"open","sticky":false,"template":"","format":"standard","meta":[],"categories":[1,107],"tags":[123,3],"jetpack_featured_media_url":"http:\/\/anoverdetajo.es\/deporte\/wp-content\/uploads\/2014\/06\/Cartel_Apertura_Piscina.jpg","_links":{"self":[{"href":"http:\/\/anoverdetajo.es\/deporte\/wp-json\/wp\/v2\/posts\/1367"}],"collection":[{"href":"http:\/\/anoverdetajo.es\/deporte\/wp-json\/wp\/v2\/posts"}],"about":[{"href":"http:\/\/anoverdetajo.es\/deporte\/wp-json\/wp\/v2\/types\/post"}],"author":[{"embeddable":true,"href":"http:\/\/anoverdetajo.es\/deporte\/wp-json\/wp\/v2\/users\/2"}],"replies":[{"embeddable":true,"href":"http:\/\/anoverdetajo.es\/deporte\/wp-json\/wp\/v2\/comments?post=1367"}],"version-history":[{"count":0,"href":"http:\/\/anoverdetajo.es\/deporte\/wp-json\/wp\/v2\/posts\/1367\/revisions"}],"wp:featuredmedia":[{"embeddable":true,"href":"http:\/\/anoverdetajo.es\/deporte\/wp-json\/wp\/v2\/media\/840"}],"wp:attachment":[{"href":"http:\/\/anoverdetajo.es\/deporte\/wp-json\/wp\/v2\/media?parent=1367"}],"wp:term":[{"taxonomy":"category","embeddable":true,"href":"http:\/\/anoverdetajo.es\/deporte\/wp-json\/wp\/v2\/categories?post=1367"},{"taxonomy":"post_tag","embeddable":true,"href":"http:\/\/anoverdetajo.es\/deporte\/wp-json\/wp\/v2\/tags?post=1367"}],"curies":[{"name":"wp","href":"https:\/\/api.w.org\/{rel}","templated":true}]}}